{"id":445,"date":"2018-10-26T08:03:23","date_gmt":"2018-10-26T08:03:23","guid":{"rendered":"http:\/\/cultura.aupex.org\/talleresliterarios\/?p=445"},"modified":"2018-11-26T08:49:19","modified_gmt":"2018-11-26T08:49:19","slug":"presentacion-de-la-antologia-2015-2016-en-llerena","status":"publish","type":"post","link":"https:\/\/cultura.aupex.org\/talleresliterarios\/index.php\/2018\/10\/26\/presentacion-de-la-antologia-2015-2016-en-llerena\/","title":{"rendered":"Presentaci\u00f3n de la Antolog\u00eda 2015-2016 en Llerena"},"content":{"rendered":"<p>El d\u00eda <strong>23 de octubre de 2018<\/strong>, se present\u00f3 la Antolog\u00eda 2015-2016 en el Centro Cultural La Merced de <strong>Llerena.<br \/>\n<\/strong><\/p>\n<p>La Presentaci\u00f3n corri\u00f3 a cargo de:<\/p>\n<ul>\n<li>Juan Carlos Jim\u00e9nez Franco, Concejal de Cultura y Festejos y Escuela de M\u00fasica del Ayuntamiento de Llerena<\/li>\n<li>Marta del Pozo Ochoa, Directora del \u00c1rea de Cultura de AUPEX<\/li>\n<li>Francisco Javier Amaya, Director de la Editora Regional de Extremadura y Coordinador del Plan de Fomento de la Lectura de la Junta de Extremadura<\/li>\n<\/ul>\n<p><img data-recalc-dims=\"1\" loading=\"lazy\" decoding=\"async\" data-attachment-id=\"447\" data-permalink=\"https:\/\/cultura.aupex.org\/talleresliterarios\/index.php\/2018\/10\/26\/presentacion-de-la-antologia-2015-2016-en-llerena\/p1120530\/\" data-orig-file=\"https:\/\/i0.wp.com\/cultura.aupex.org\/talleresliterarios\/wp-content\/uploads\/2018\/11\/P1120530.jpg?fit=1280%2C960&amp;ssl=1\" data-orig-size=\"1280,960\" data-comments-opened=\"0\" data-image-meta=\"{&quot;aperture&quot;:&quot;3.4&quot;,&quot;credit&quot;:&quot;&quot;,&quot;camera&quot;:&quot;DMC-FZ72&quot;,&quot;caption&quot;:&quot;&quot;,&quot;created_timestamp&quot;:&quot;1540321753&quot;,&quot;copyright&quot;:&quot;&quot;,&quot;focal_length&quot;:&quot;5.78&quot;,&quot;iso&quot;:&quot;800&quot;,&quot;shutter_speed&quot;:&quot;0.016666666666667&quot;,&quot;title&quot;:&quot;&quot;,&quot;orientation&quot;:&quot;1&quot;}\" data-image-title=\"P1120530\" data-image-description=\"\" data-image-caption=\"\" data-large-file=\"https:\/\/i0.wp.com\/cultura.aupex.org\/talleresliterarios\/wp-content\/uploads\/2018\/11\/P1120530.jpg?fit=640%2C480&amp;ssl=1\" class=\"alignnone size-medium wp-image-447\" src=\"https:\/\/i0.wp.com\/cultura.aupex.org\/talleresliterarios\/wp-content\/uploads\/2018\/11\/P1120530.jpg?resize=300%2C225&#038;ssl=1\" alt=\"\" width=\"300\" height=\"225\" srcset=\"https:\/\/i0.wp.com\/cultura.aupex.org\/talleresliterarios\/wp-content\/uploads\/2018\/11\/P1120530.jpg?resize=300%2C225&amp;ssl=1 300w, https:\/\/i0.wp.com\/cultura.aupex.org\/talleresliterarios\/wp-content\/uploads\/2018\/11\/P1120530.jpg?resize=768%2C576&amp;ssl=1 768w, https:\/\/i0.wp.com\/cultura.aupex.org\/talleresliterarios\/wp-content\/uploads\/2018\/11\/P1120530.jpg?resize=1024%2C768&amp;ssl=1 1024w, https:\/\/i0.wp.com\/cultura.aupex.org\/talleresliterarios\/wp-content\/uploads\/2018\/11\/P1120530.jpg?resize=370%2C278&amp;ssl=1 370w, https:\/\/i0.wp.com\/cultura.aupex.org\/talleresliterarios\/wp-content\/uploads\/2018\/11\/P1120530.jpg?w=1280&amp;ssl=1 1280w\" sizes=\"auto, (max-width: 300px) 100vw, 300px\" \/> <img data-recalc-dims=\"1\" loading=\"lazy\" decoding=\"async\" data-attachment-id=\"448\" data-permalink=\"https:\/\/cultura.aupex.org\/talleresliterarios\/index.php\/2018\/10\/26\/presentacion-de-la-antologia-2015-2016-en-llerena\/p1120525\/\" data-orig-file=\"https:\/\/i0.wp.com\/cultura.aupex.org\/talleresliterarios\/wp-content\/uploads\/2018\/11\/P1120525.jpg?fit=1280%2C960&amp;ssl=1\" data-orig-size=\"1280,960\" data-comments-opened=\"0\" data-image-meta=\"{&quot;aperture&quot;:&quot;3.8&quot;,&quot;credit&quot;:&quot;&quot;,&quot;camera&quot;:&quot;DMC-FZ72&quot;,&quot;caption&quot;:&quot;&quot;,&quot;created_timestamp&quot;:&quot;1540321695&quot;,&quot;copyright&quot;:&quot;&quot;,&quot;focal_length&quot;:&quot;8.68&quot;,&quot;iso&quot;:&quot;400&quot;,&quot;shutter_speed&quot;:&quot;0.076923076923077&quot;,&quot;title&quot;:&quot;&quot;,&quot;orientation&quot;:&quot;1&quot;}\" data-image-title=\"P1120525\" data-image-description=\"\" data-image-caption=\"\" data-large-file=\"https:\/\/i0.wp.com\/cultura.aupex.org\/talleresliterarios\/wp-content\/uploads\/2018\/11\/P1120525.jpg?fit=640%2C480&amp;ssl=1\" class=\"alignnone size-medium wp-image-448\" src=\"https:\/\/i0.wp.com\/cultura.aupex.org\/talleresliterarios\/wp-content\/uploads\/2018\/11\/P1120525.jpg?resize=300%2C225&#038;ssl=1\" alt=\"\" width=\"300\" height=\"225\" srcset=\"https:\/\/i0.wp.com\/cultura.aupex.org\/talleresliterarios\/wp-content\/uploads\/2018\/11\/P1120525.jpg?resize=300%2C225&amp;ssl=1 300w, https:\/\/i0.wp.com\/cultura.aupex.org\/talleresliterarios\/wp-content\/uploads\/2018\/11\/P1120525.jpg?resize=768%2C576&amp;ssl=1 768w, https:\/\/i0.wp.com\/cultura.aupex.org\/talleresliterarios\/wp-content\/uploads\/2018\/11\/P1120525.jpg?resize=1024%2C768&amp;ssl=1 1024w, https:\/\/i0.wp.com\/cultura.aupex.org\/talleresliterarios\/wp-content\/uploads\/2018\/11\/P1120525.jpg?resize=370%2C278&amp;ssl=1 370w, https:\/\/i0.wp.com\/cultura.aupex.org\/talleresliterarios\/wp-content\/uploads\/2018\/11\/P1120525.jpg?w=1280&amp;ssl=1 1280w\" sizes=\"auto, (max-width: 300px) 100vw, 300px\" \/> <img data-recalc-dims=\"1\" loading=\"lazy\" decoding=\"async\" data-attachment-id=\"449\" data-permalink=\"https:\/\/cultura.aupex.org\/talleresliterarios\/index.php\/2018\/10\/26\/presentacion-de-la-antologia-2015-2016-en-llerena\/p1120527\/\" data-orig-file=\"https:\/\/i0.wp.com\/cultura.aupex.org\/talleresliterarios\/wp-content\/uploads\/2018\/11\/P1120527.jpg?fit=1280%2C960&amp;ssl=1\" data-orig-size=\"1280,960\" data-comments-opened=\"0\" data-image-meta=\"{&quot;aperture&quot;:&quot;3&quot;,&quot;credit&quot;:&quot;&quot;,&quot;camera&quot;:&quot;DMC-FZ72&quot;,&quot;caption&quot;:&quot;&quot;,&quot;created_timestamp&quot;:&quot;1540321709&quot;,&quot;copyright&quot;:&quot;&quot;,&quot;focal_length&quot;:&quot;4.42&quot;,&quot;iso&quot;:&quot;400&quot;,&quot;shutter_speed&quot;:&quot;0.1&quot;,&quot;title&quot;:&quot;&quot;,&quot;orientation&quot;:&quot;1&quot;}\" data-image-title=\"P1120527\" data-image-description=\"\" data-image-caption=\"\" data-large-file=\"https:\/\/i0.wp.com\/cultura.aupex.org\/talleresliterarios\/wp-content\/uploads\/2018\/11\/P1120527.jpg?fit=640%2C480&amp;ssl=1\" class=\"alignnone size-medium wp-image-449\" src=\"https:\/\/i0.wp.com\/cultura.aupex.org\/talleresliterarios\/wp-content\/uploads\/2018\/11\/P1120527.jpg?resize=300%2C225&#038;ssl=1\" alt=\"\" width=\"300\" height=\"225\" srcset=\"https:\/\/i0.wp.com\/cultura.aupex.org\/talleresliterarios\/wp-content\/uploads\/2018\/11\/P1120527.jpg?resize=300%2C225&amp;ssl=1 300w, https:\/\/i0.wp.com\/cultura.aupex.org\/talleresliterarios\/wp-content\/uploads\/2018\/11\/P1120527.jpg?resize=768%2C576&amp;ssl=1 768w, https:\/\/i0.wp.com\/cultura.aupex.org\/talleresliterarios\/wp-content\/uploads\/2018\/11\/P1120527.jpg?resize=1024%2C768&amp;ssl=1 1024w, https:\/\/i0.wp.com\/cultura.aupex.org\/talleresliterarios\/wp-content\/uploads\/2018\/11\/P1120527.jpg?resize=370%2C278&amp;ssl=1 370w, https:\/\/i0.wp.com\/cultura.aupex.org\/talleresliterarios\/wp-content\/uploads\/2018\/11\/P1120527.jpg?w=1280&amp;ssl=1 1280w\" sizes=\"auto, (max-width: 300px) 100vw, 300px\" \/><\/p>\n<p>Tras ellos, Manuel del Barco Quintero, Director de la Universidad Popular de Llerena, dio paso a la lectura de los relatos y poemas publicados por parte de sus autoras. En la Antolog\u00eda 2015-2016 han participado 8 autoras de Llerena con un total de 20 obras.<\/p>\n<p><img data-recalc-dims=\"1\" loading=\"lazy\" decoding=\"async\" data-attachment-id=\"450\" data-permalink=\"https:\/\/cultura.aupex.org\/talleresliterarios\/index.php\/2018\/10\/26\/presentacion-de-la-antologia-2015-2016-en-llerena\/p1120534\/\" data-orig-file=\"https:\/\/i0.wp.com\/cultura.aupex.org\/talleresliterarios\/wp-content\/uploads\/2018\/11\/P1120534-e1543222019992.jpg?fit=841%2C921&amp;ssl=1\" data-orig-size=\"841,921\" data-comments-opened=\"0\" data-image-meta=\"{&quot;aperture&quot;:&quot;4.9&quot;,&quot;credit&quot;:&quot;&quot;,&quot;camera&quot;:&quot;DMC-FZ72&quot;,&quot;caption&quot;:&quot;&quot;,&quot;created_timestamp&quot;:&quot;1540322636&quot;,&quot;copyright&quot;:&quot;&quot;,&quot;focal_length&quot;:&quot;18.72&quot;,&quot;iso&quot;:&quot;800&quot;,&quot;shutter_speed&quot;:&quot;0.076923076923077&quot;,&quot;title&quot;:&quot;&quot;,&quot;orientation&quot;:&quot;1&quot;}\" data-image-title=\"P1120534\" data-image-description=\"\" data-image-caption=\"\" data-large-file=\"https:\/\/i0.wp.com\/cultura.aupex.org\/talleresliterarios\/wp-content\/uploads\/2018\/11\/P1120534-e1543222019992.jpg?fit=640%2C853&amp;ssl=1\" class=\"alignnone wp-image-450 \" src=\"https:\/\/i0.wp.com\/cultura.aupex.org\/talleresliterarios\/wp-content\/uploads\/2018\/11\/P1120534-e1543222019992-274x300.jpg?resize=170%2C186&#038;ssl=1\" alt=\"\" width=\"170\" height=\"186\" srcset=\"https:\/\/i0.wp.com\/cultura.aupex.org\/talleresliterarios\/wp-content\/uploads\/2018\/11\/P1120534-e1543222019992.jpg?resize=274%2C300&amp;ssl=1 274w, https:\/\/i0.wp.com\/cultura.aupex.org\/talleresliterarios\/wp-content\/uploads\/2018\/11\/P1120534-e1543222019992.jpg?resize=768%2C841&amp;ssl=1 768w, https:\/\/i0.wp.com\/cultura.aupex.org\/talleresliterarios\/wp-content\/uploads\/2018\/11\/P1120534-e1543222019992.jpg?resize=370%2C405&amp;ssl=1 370w, https:\/\/i0.wp.com\/cultura.aupex.org\/talleresliterarios\/wp-content\/uploads\/2018\/11\/P1120534-e1543222019992.jpg?w=841&amp;ssl=1 841w\" sizes=\"auto, (max-width: 170px) 100vw, 170px\" \/> <img data-recalc-dims=\"1\" loading=\"lazy\" decoding=\"async\" data-attachment-id=\"451\" data-permalink=\"https:\/\/cultura.aupex.org\/talleresliterarios\/index.php\/2018\/10\/26\/presentacion-de-la-antologia-2015-2016-en-llerena\/p1120536\/\" data-orig-file=\"https:\/\/i0.wp.com\/cultura.aupex.org\/talleresliterarios\/wp-content\/uploads\/2018\/11\/P1120536-e1543222107595.jpg?fit=979%2C953&amp;ssl=1\" data-orig-size=\"979,953\" data-comments-opened=\"0\" data-image-meta=\"{&quot;aperture&quot;:&quot;5.4&quot;,&quot;credit&quot;:&quot;&quot;,&quot;camera&quot;:&quot;DMC-FZ72&quot;,&quot;caption&quot;:&quot;&quot;,&quot;created_timestamp&quot;:&quot;1540322703&quot;,&quot;copyright&quot;:&quot;&quot;,&quot;focal_length&quot;:&quot;29.59&quot;,&quot;iso&quot;:&quot;400&quot;,&quot;shutter_speed&quot;:&quot;0.125&quot;,&quot;title&quot;:&quot;&quot;,&quot;orientation&quot;:&quot;1&quot;}\" data-image-title=\"P1120536\" data-image-description=\"\" data-image-caption=\"\" data-large-file=\"https:\/\/i0.wp.com\/cultura.aupex.org\/talleresliterarios\/wp-content\/uploads\/2018\/11\/P1120536-e1543222107595.jpg?fit=640%2C480&amp;ssl=1\" class=\"alignnone wp-image-451 \" src=\"https:\/\/i0.wp.com\/cultura.aupex.org\/talleresliterarios\/wp-content\/uploads\/2018\/11\/P1120536-e1543222107595-300x292.jpg?resize=192%2C187&#038;ssl=1\" alt=\"\" width=\"192\" height=\"187\" srcset=\"https:\/\/i0.wp.com\/cultura.aupex.org\/talleresliterarios\/wp-content\/uploads\/2018\/11\/P1120536-e1543222107595.jpg?resize=300%2C292&amp;ssl=1 300w, https:\/\/i0.wp.com\/cultura.aupex.org\/talleresliterarios\/wp-content\/uploads\/2018\/11\/P1120536-e1543222107595.jpg?resize=768%2C748&amp;ssl=1 768w, https:\/\/i0.wp.com\/cultura.aupex.org\/talleresliterarios\/wp-content\/uploads\/2018\/11\/P1120536-e1543222107595.jpg?resize=370%2C360&amp;ssl=1 370w, https:\/\/i0.wp.com\/cultura.aupex.org\/talleresliterarios\/wp-content\/uploads\/2018\/11\/P1120536-e1543222107595.jpg?w=979&amp;ssl=1 979w\" sizes=\"auto, (max-width: 192px) 100vw, 192px\" \/> <img data-recalc-dims=\"1\" loading=\"lazy\" decoding=\"async\" data-attachment-id=\"452\" data-permalink=\"https:\/\/cultura.aupex.org\/talleresliterarios\/index.php\/2018\/10\/26\/presentacion-de-la-antologia-2015-2016-en-llerena\/p1120539\/\" data-orig-file=\"https:\/\/i0.wp.com\/cultura.aupex.org\/talleresliterarios\/wp-content\/uploads\/2018\/11\/P1120539-e1543222078749.jpg?fit=681%2C793&amp;ssl=1\" data-orig-size=\"681,793\" data-comments-opened=\"0\" data-image-meta=\"{&quot;aperture&quot;:&quot;4.5&quot;,&quot;credit&quot;:&quot;&quot;,&quot;camera&quot;:&quot;DMC-FZ72&quot;,&quot;caption&quot;:&quot;&quot;,&quot;created_timestamp&quot;:&quot;1540322878&quot;,&quot;copyright&quot;:&quot;&quot;,&quot;focal_length&quot;:&quot;14.74&quot;,&quot;iso&quot;:&quot;1600&quot;,&quot;shutter_speed&quot;:&quot;0.025&quot;,&quot;title&quot;:&quot;&quot;,&quot;orientation&quot;:&quot;1&quot;}\" data-image-title=\"P1120539\" data-image-description=\"\" data-image-caption=\"\" data-large-file=\"https:\/\/i0.wp.com\/cultura.aupex.org\/talleresliterarios\/wp-content\/uploads\/2018\/11\/P1120539-e1543222078749.jpg?fit=640%2C480&amp;ssl=1\" class=\"alignnone wp-image-452 \" src=\"https:\/\/i0.wp.com\/cultura.aupex.org\/talleresliterarios\/wp-content\/uploads\/2018\/11\/P1120539-e1543222078749-258x300.jpg?resize=162%2C188&#038;ssl=1\" alt=\"\" width=\"162\" height=\"188\" srcset=\"https:\/\/i0.wp.com\/cultura.aupex.org\/talleresliterarios\/wp-content\/uploads\/2018\/11\/P1120539-e1543222078749.jpg?resize=258%2C300&amp;ssl=1 258w, https:\/\/i0.wp.com\/cultura.aupex.org\/talleresliterarios\/wp-content\/uploads\/2018\/11\/P1120539-e1543222078749.jpg?resize=370%2C431&amp;ssl=1 370w, https:\/\/i0.wp.com\/cultura.aupex.org\/talleresliterarios\/wp-content\/uploads\/2018\/11\/P1120539-e1543222078749.jpg?w=681&amp;ssl=1 681w\" sizes=\"auto, (max-width: 162px) 100vw, 162px\" \/> <img data-recalc-dims=\"1\" loading=\"lazy\" decoding=\"async\" data-attachment-id=\"453\" data-permalink=\"https:\/\/cultura.aupex.org\/talleresliterarios\/index.php\/2018\/10\/26\/presentacion-de-la-antologia-2015-2016-en-llerena\/p1120541\/\" data-orig-file=\"https:\/\/i0.wp.com\/cultura.aupex.org\/talleresliterarios\/wp-content\/uploads\/2018\/11\/P1120541.jpg?fit=1280%2C960&amp;ssl=1\" data-orig-size=\"1280,960\" data-comments-opened=\"0\" data-image-meta=\"{&quot;aperture&quot;:&quot;5.5&quot;,&quot;credit&quot;:&quot;&quot;,&quot;camera&quot;:&quot;DMC-FZ72&quot;,&quot;caption&quot;:&quot;&quot;,&quot;created_timestamp&quot;:&quot;1540322940&quot;,&quot;copyright&quot;:&quot;&quot;,&quot;focal_length&quot;:&quot;31.05&quot;,&quot;iso&quot;:&quot;400&quot;,&quot;shutter_speed&quot;:&quot;0.2&quot;,&quot;title&quot;:&quot;&quot;,&quot;orientation&quot;:&quot;1&quot;}\" data-image-title=\"P1120541\" data-image-description=\"\" data-image-caption=\"\" data-large-file=\"https:\/\/i0.wp.com\/cultura.aupex.org\/talleresliterarios\/wp-content\/uploads\/2018\/11\/P1120541.jpg?fit=640%2C480&amp;ssl=1\" class=\"alignnone wp-image-453\" src=\"https:\/\/i0.wp.com\/cultura.aupex.org\/talleresliterarios\/wp-content\/uploads\/2018\/11\/P1120541.jpg?resize=247%2C185&#038;ssl=1\" alt=\"\" width=\"247\" height=\"185\" srcset=\"https:\/\/i0.wp.com\/cultura.aupex.org\/talleresliterarios\/wp-content\/uploads\/2018\/11\/P1120541.jpg?resize=300%2C225&amp;ssl=1 300w, https:\/\/i0.wp.com\/cultura.aupex.org\/talleresliterarios\/wp-content\/uploads\/2018\/11\/P1120541.jpg?resize=768%2C576&amp;ssl=1 768w, https:\/\/i0.wp.com\/cultura.aupex.org\/talleresliterarios\/wp-content\/uploads\/2018\/11\/P1120541.jpg?resize=1024%2C768&amp;ssl=1 1024w, https:\/\/i0.wp.com\/cultura.aupex.org\/talleresliterarios\/wp-content\/uploads\/2018\/11\/P1120541.jpg?resize=370%2C278&amp;ssl=1 370w, https:\/\/i0.wp.com\/cultura.aupex.org\/talleresliterarios\/wp-content\/uploads\/2018\/11\/P1120541.jpg?w=1280&amp;ssl=1 1280w\" sizes=\"auto, (max-width: 247px) 100vw, 247px\" \/> <img data-recalc-dims=\"1\" loading=\"lazy\" decoding=\"async\" data-attachment-id=\"454\" data-permalink=\"https:\/\/cultura.aupex.org\/talleresliterarios\/index.php\/2018\/10\/26\/presentacion-de-la-antologia-2015-2016-en-llerena\/p1120543\/\" data-orig-file=\"https:\/\/i0.wp.com\/cultura.aupex.org\/talleresliterarios\/wp-content\/uploads\/2018\/11\/P1120543-e1543222145651.jpg?fit=755%2C806&amp;ssl=1\" data-orig-size=\"755,806\" data-comments-opened=\"0\" data-image-meta=\"{&quot;aperture&quot;:&quot;4.7&quot;,&quot;credit&quot;:&quot;&quot;,&quot;camera&quot;:&quot;DMC-FZ72&quot;,&quot;caption&quot;:&quot;&quot;,&quot;created_timestamp&quot;:&quot;1540323058&quot;,&quot;copyright&quot;:&quot;&quot;,&quot;focal_length&quot;:&quot;16.53&quot;,&quot;iso&quot;:&quot;400&quot;,&quot;shutter_speed&quot;:&quot;0.1&quot;,&quot;title&quot;:&quot;&quot;,&quot;orientation&quot;:&quot;1&quot;}\" data-image-title=\"P1120543\" data-image-description=\"\" data-image-caption=\"\" data-large-file=\"https:\/\/i0.wp.com\/cultura.aupex.org\/talleresliterarios\/wp-content\/uploads\/2018\/11\/P1120543-e1543222145651.jpg?fit=640%2C480&amp;ssl=1\" class=\"alignnone wp-image-454 \" src=\"https:\/\/i0.wp.com\/cultura.aupex.org\/talleresliterarios\/wp-content\/uploads\/2018\/11\/P1120543-e1543222145651-281x300.jpg?resize=173%2C185&#038;ssl=1\" alt=\"\" width=\"173\" height=\"185\" srcset=\"https:\/\/i0.wp.com\/cultura.aupex.org\/talleresliterarios\/wp-content\/uploads\/2018\/11\/P1120543-e1543222145651.jpg?resize=281%2C300&amp;ssl=1 281w, https:\/\/i0.wp.com\/cultura.aupex.org\/talleresliterarios\/wp-content\/uploads\/2018\/11\/P1120543-e1543222145651.jpg?resize=370%2C395&amp;ssl=1 370w, https:\/\/i0.wp.com\/cultura.aupex.org\/talleresliterarios\/wp-content\/uploads\/2018\/11\/P1120543-e1543222145651.jpg?w=755&amp;ssl=1 755w\" sizes=\"auto, (max-width: 173px) 100vw, 173px\" \/><\/p>\n<p>A continuaci\u00f3n, se dio por inaugurado el Taller Literario 2018, que este a\u00f1o dirigir\u00e1 el joven escritor Francisco Jos\u00e9 Chamorro Camis\u00f3n, natural de Fregenal de la Sierra, especializado en poes\u00eda contempor\u00e1nea,\u00a0Primer Premio de poes\u00eda en XXVI Certamen &#8216;Calamonte Joven 2016&#8217;, XX Premio Poes\u00eda Joven Antonio Carvajal (2017) y con dos obras publicadas: <em>Liberalismo pol\u00edtico<\/em>, Madrid 2017, Ediciones Hiperi\u00f3n y <em>Une rose dans les t\u00e9n\u00e8bres<\/em>, M\u00e9rida 2015, Editora de Extremadura. Al taller literario acudir\u00e1 como lector invitado el autor Jos\u00e9 Manuel D\u00edez, poeta y cantautor que el a\u00f1o pasado coordin\u00f3 dicho taller.<\/p>\n<p><img data-recalc-dims=\"1\" loading=\"lazy\" decoding=\"async\" data-attachment-id=\"455\" data-permalink=\"https:\/\/cultura.aupex.org\/talleresliterarios\/index.php\/2018\/10\/26\/presentacion-de-la-antologia-2015-2016-en-llerena\/p1120549\/\" data-orig-file=\"https:\/\/i0.wp.com\/cultura.aupex.org\/talleresliterarios\/wp-content\/uploads\/2018\/11\/P1120549.jpg?fit=1280%2C960&amp;ssl=1\" data-orig-size=\"1280,960\" data-comments-opened=\"0\" data-image-meta=\"{&quot;aperture&quot;:&quot;4.8&quot;,&quot;credit&quot;:&quot;&quot;,&quot;camera&quot;:&quot;DMC-FZ72&quot;,&quot;caption&quot;:&quot;&quot;,&quot;created_timestamp&quot;:&quot;1540323429&quot;,&quot;copyright&quot;:&quot;&quot;,&quot;focal_length&quot;:&quot;17.43&quot;,&quot;iso&quot;:&quot;800&quot;,&quot;shutter_speed&quot;:&quot;0.066666666666667&quot;,&quot;title&quot;:&quot;&quot;,&quot;orientation&quot;:&quot;1&quot;}\" data-image-title=\"P1120549\" data-image-description=\"\" data-image-caption=\"\" data-large-file=\"https:\/\/i0.wp.com\/cultura.aupex.org\/talleresliterarios\/wp-content\/uploads\/2018\/11\/P1120549.jpg?fit=640%2C480&amp;ssl=1\" class=\"alignnone size-medium wp-image-455\" src=\"https:\/\/i0.wp.com\/cultura.aupex.org\/talleresliterarios\/wp-content\/uploads\/2018\/11\/P1120549.jpg?resize=300%2C225&#038;ssl=1\" alt=\"\" width=\"300\" height=\"225\" srcset=\"https:\/\/i0.wp.com\/cultura.aupex.org\/talleresliterarios\/wp-content\/uploads\/2018\/11\/P1120549.jpg?resize=300%2C225&amp;ssl=1 300w, https:\/\/i0.wp.com\/cultura.aupex.org\/talleresliterarios\/wp-content\/uploads\/2018\/11\/P1120549.jpg?resize=768%2C576&amp;ssl=1 768w, https:\/\/i0.wp.com\/cultura.aupex.org\/talleresliterarios\/wp-content\/uploads\/2018\/11\/P1120549.jpg?resize=1024%2C768&amp;ssl=1 1024w, https:\/\/i0.wp.com\/cultura.aupex.org\/talleresliterarios\/wp-content\/uploads\/2018\/11\/P1120549.jpg?resize=370%2C278&amp;ssl=1 370w, https:\/\/i0.wp.com\/cultura.aupex.org\/talleresliterarios\/wp-content\/uploads\/2018\/11\/P1120549.jpg?w=1280&amp;ssl=1 1280w\" sizes=\"auto, (max-width: 300px) 100vw, 300px\" \/><\/p>\n<p>&nbsp;<\/p>\n<p>&nbsp;<\/p>\n","protected":false},"excerpt":{"rendered":"<p>El d\u00eda 23 de octubre de 2018, se present\u00f3 la Antolog\u00eda 2015-2016 en el Centro Cultural La Merced de Llerena. La Presentaci\u00f3n corri\u00f3 a cargo de: Juan Carlos Jim\u00e9nez Franco, Concejal de Cultura y Festejos y Escuela de M\u00fasica del Ayuntamiento de Llerena Marta del Pozo Ochoa, Directora del \u00c1rea de Cultura de AUPEX Francisco [&hellip;]<\/p>\n","protected":false},"author":3,"featured_media":447,"comment_status":"open","ping_status":"open","sticky":false,"template":"","format":"standard","meta":{"jetpack_post_was_ever_published":false,"_jetpack_newsletter_access":"","_jetpack_dont_email_post_to_subs":false,"_jetpack_newsletter_tier_id":0,"_jetpack_memberships_contains_paywalled_content":false,"_jetpack_memberships_contains_paid_content":false,"footnotes":""},"categories":[5,6,1,4],"tags":[33,34,38],"class_list":["post-445","post","type-post","status-publish","format-standard","has-post-thumbnail","hentry","category-diario-de-los-talleres","category-eventos","category-general","category-noticias","tag-antologia","tag-talleres-literarios","tag-up-llerena"],"jetpack_featured_media_url":"https:\/\/i0.wp.com\/cultura.aupex.org\/talleresliterarios\/wp-content\/uploads\/2018\/11\/P1120530.jpg?fit=1280%2C960&ssl=1","jetpack_sharing_enabled":true,"jetpack_shortlink":"https:\/\/wp.me\/paMDlf-7b","jetpack-related-posts":[],"_links":{"self":[{"href":"https:\/\/cultura.aupex.org\/talleresliterarios\/index.php\/wp-json\/wp\/v2\/posts\/445","targetHints":{"allow":["GET"]}}],"collection":[{"href":"https:\/\/cultura.aupex.org\/talleresliterarios\/index.php\/wp-json\/wp\/v2\/posts"}],"about":[{"href":"https:\/\/cultura.aupex.org\/talleresliterarios\/index.php\/wp-json\/wp\/v2\/types\/post"}],"author":[{"embeddable":true,"href":"https:\/\/cultura.aupex.org\/talleresliterarios\/index.php\/wp-json\/wp\/v2\/users\/3"}],"replies":[{"embeddable":true,"href":"https:\/\/cultura.aupex.org\/talleresliterarios\/index.php\/wp-json\/wp\/v2\/comments?post=445"}],"version-history":[{"count":4,"href":"https:\/\/cultura.aupex.org\/talleresliterarios\/index.php\/wp-json\/wp\/v2\/posts\/445\/revisions"}],"predecessor-version":[{"id":459,"href":"https:\/\/cultura.aupex.org\/talleresliterarios\/index.php\/wp-json\/wp\/v2\/posts\/445\/revisions\/459"}],"wp:featuredmedia":[{"embeddable":true,"href":"https:\/\/cultura.aupex.org\/talleresliterarios\/index.php\/wp-json\/wp\/v2\/media\/447"}],"wp:attachment":[{"href":"https:\/\/cultura.aupex.org\/talleresliterarios\/index.php\/wp-json\/wp\/v2\/media?parent=445"}],"wp:term":[{"taxonomy":"category","embeddable":true,"href":"https:\/\/cultura.aupex.org\/talleresliterarios\/index.php\/wp-json\/wp\/v2\/categories?post=445"},{"taxonomy":"post_tag","embeddable":true,"href":"https:\/\/cultura.aupex.org\/talleresliterarios\/index.php\/wp-json\/wp\/v2\/tags?post=445"}],"curies":[{"name":"wp","href":"https:\/\/api.w.org\/{rel}","templated":true}]}}