{"id":381,"date":"2018-06-13T08:04:10","date_gmt":"2018-06-13T08:04:10","guid":{"rendered":"http:\/\/cultura.aupex.org\/talleresliterarios\/?p=381"},"modified":"2018-06-13T08:04:10","modified_gmt":"2018-06-13T08:04:10","slug":"gala-certamenes-literarios-2018","status":"publish","type":"post","link":"https:\/\/cultura.aupex.org\/talleresliterarios\/index.php\/2018\/06\/13\/gala-certamenes-literarios-2018\/","title":{"rendered":"Gala Cert\u00e1menes literarios 2018"},"content":{"rendered":"<h2><img loading=\"lazy\" decoding=\"async\" class=\"shrinkToFit\" src=\"http:\/\/www.dip-caceres.es\/opencms-caceres\/opencms\/handle404?exporturi=\/export\/sites\/default\/comun\/galerias\/galeriaImagenes\/caceres\/presidencia\/Prensa\/2018\/prensa-2018-06\/galas_certamenes_literairos_2018_pq.jpg\" alt=\"http:\/\/www.dip-caceres.es\/opencms-caceres\/opencms\/handle404?exporturi=\/export\/sites\/default\/comun\/galerias\/galeriaImagenes\/caceres\/presidencia\/Prensa\/2018\/prensa-2018-06\/galas_certamenes_literairos_2018_pq.jpg\" width=\"294\" height=\"196\" \/><\/h2>\n<h2>Luis Landero preside el jurado del premio C\u00e1ceres Novela Corta de la Diputaci\u00f3n Provincial<\/h2>\n<p>Las galas de los cert\u00e1menes literarios ser\u00e1n el d\u00eda13 de junio en Coria, donde se conocer\u00e1 el ganador de Cuentos y el d\u00eda 14 en C\u00e1ceres, donde se fallar\u00e1n los premios de Novela, Periodismo, Poes\u00eda y Microrrelatos.<\/p>\n<p>Las Galas de los Cert\u00e1menes Literarios de la Diputaci\u00f3n Provincial de C\u00e1ceres donde se den a conocer los fallos de las personas ganadoras en las correspondientes categor\u00edas ya tienen fecha.<\/p>\n<p>El <strong>mi\u00e9rcoles, 13 de junio<\/strong> se conocer\u00e1 el ganador-ganadora de la <strong>XXVIII edici\u00f3n de Cuentos Ciudad de Coria. <\/strong>Ser\u00e1 a partir de las <strong>20.00 horas<\/strong> en el <strong>patio del ayuntamiento de la ciudad<\/strong> de su mismo nombre y estar\u00e1 amenizada por el pianista<strong> Antonio Luis Suarez.<\/strong><\/p>\n<p>Un d\u00eda m\u00e1s tarde, el<strong> jueves 14<\/strong>, conoceremos a los ganadores -ganadoras<strong> del XLIII premio C\u00e1ceres de Novela Corta, XXXVIII premio de Periodismo \u201cDionisio Acedo\u201d, XXI premio de Poes\u00eda \u201cFlor de Jara\u201d y XIV premio de Microrrelatos \u201cEl Brocense\u201d,<\/strong> adem\u00e1s de recordar el premio de Cuentos de Coria. La gala del d\u00eda 14, que ser\u00e1 presentada por la periodista de Canal Extremadura Mar\u00eda Jimena Mat\u00edas, tendr\u00e1 lugar en el <strong>Complejo Cultural San Francisco de C\u00e1ceres,<\/strong> comenzar\u00e1 a partir de las <strong>20.30 horas<\/strong> y contar\u00e1 con la actuaci\u00f3n del grupo<strong> PAGAGNINI.<\/strong><\/p>\n<p>M\u00e1s informaci\u00f3n en: <a href=\"https:\/\/www.dip-caceres.es\/actualidad\/_detalles.html?uid=1c9a971e-6e12-11e8-b77f-d7e2fcb9b10d\">https:\/\/www.dip-caceres.es\/actualidad\/_detalles.html?uid=1c9a971e-6e12-11e8-b77f-d7e2fcb9b10d<\/a><\/p>\n","protected":false},"excerpt":{"rendered":"<p>Luis Landero preside el jurado del premio C\u00e1ceres Novela Corta de la Diputaci\u00f3n Provincial Las galas de los cert\u00e1menes literarios ser\u00e1n el d\u00eda13 de junio en Coria, donde se conocer\u00e1 el ganador de Cuentos y el d\u00eda 14 en C\u00e1ceres, donde se fallar\u00e1n los premios de Novela, Periodismo, Poes\u00eda y Microrrelatos. Las Galas de los [&hellip;]<\/p>\n","protected":false},"author":3,"featured_media":0,"comment_status":"open","ping_status":"open","sticky":false,"template":"","format":"standard","meta":{"jetpack_post_was_ever_published":false,"_jetpack_newsletter_access":"","_jetpack_dont_email_post_to_subs":false,"_jetpack_newsletter_tier_id":0,"_jetpack_memberships_contains_paywalled_content":false,"_jetpack_memberships_contains_paid_content":false,"footnotes":""},"categories":[1],"tags":[8,25,23,16,26,24,10],"class_list":["post-381","post","type-post","status-publish","format-standard","hentry","category-general","tag-certamen-literario","tag-cuentos","tag-diputacion-de-caceres","tag-microrrelato","tag-novela-corta","tag-periodismo","tag-poesia"],"jetpack_featured_media_url":"","jetpack_sharing_enabled":true,"jetpack_shortlink":"https:\/\/wp.me\/paMDlf-69","jetpack-related-posts":[],"_links":{"self":[{"href":"https:\/\/cultura.aupex.org\/talleresliterarios\/index.php\/wp-json\/wp\/v2\/posts\/381","targetHints":{"allow":["GET"]}}],"collection":[{"href":"https:\/\/cultura.aupex.org\/talleresliterarios\/index.php\/wp-json\/wp\/v2\/posts"}],"about":[{"href":"https:\/\/cultura.aupex.org\/talleresliterarios\/index.php\/wp-json\/wp\/v2\/types\/post"}],"author":[{"embeddable":true,"href":"https:\/\/cultura.aupex.org\/talleresliterarios\/index.php\/wp-json\/wp\/v2\/users\/3"}],"replies":[{"embeddable":true,"href":"https:\/\/cultura.aupex.org\/talleresliterarios\/index.php\/wp-json\/wp\/v2\/comments?post=381"}],"version-history":[{"count":1,"href":"https:\/\/cultura.aupex.org\/talleresliterarios\/index.php\/wp-json\/wp\/v2\/posts\/381\/revisions"}],"predecessor-version":[{"id":382,"href":"https:\/\/cultura.aupex.org\/talleresliterarios\/index.php\/wp-json\/wp\/v2\/posts\/381\/revisions\/382"}],"wp:attachment":[{"href":"https:\/\/cultura.aupex.org\/talleresliterarios\/index.php\/wp-json\/wp\/v2\/media?parent=381"}],"wp:term":[{"taxonomy":"category","embeddable":true,"href":"https:\/\/cultura.aupex.org\/talleresliterarios\/index.php\/wp-json\/wp\/v2\/categories?post=381"},{"taxonomy":"post_tag","embeddable":true,"href":"https:\/\/cultura.aupex.org\/talleresliterarios\/index.php\/wp-json\/wp\/v2\/tags?post=381"}],"curies":[{"name":"wp","href":"https:\/\/api.w.org\/{rel}","templated":true}]}}