{"id":376,"date":"2018-06-04T12:07:04","date_gmt":"2018-06-04T12:07:04","guid":{"rendered":"http:\/\/cultura.aupex.org\/talleresliterarios\/?p=376"},"modified":"2018-06-04T12:07:04","modified_gmt":"2018-06-04T12:07:04","slug":"patios-contados-en-valencia-de-alcantara","status":"publish","type":"post","link":"https:\/\/cultura.aupex.org\/talleresliterarios\/index.php\/2018\/06\/04\/patios-contados-en-valencia-de-alcantara\/","title":{"rendered":"PATIOS CONTADOS EN VALENCIA DE ALC\u00c1NTARA"},"content":{"rendered":"<p>Valencia de Alc\u00e1ntara inicia la actividad cultural \u00abPatios Contados\u00bb el d\u00eda 9 de junio con un homenaje a M\u00aa Victoria Moreno M\u00e1rquez, protagonista del d\u00eda de las Letras Gallegas 2018 en el que se funden poes\u00eda y m\u00fasica.<\/p>\n<p>Durante todo el mes de junio se podr\u00e1 disfrutar de las distintas actividades programadas en patios, rincones y plazas, as\u00ed como en espacios culturales y educativos de la localidad.<\/p>\n<p><img data-recalc-dims=\"1\" loading=\"lazy\" decoding=\"async\" data-attachment-id=\"377\" data-permalink=\"https:\/\/cultura.aupex.org\/talleresliterarios\/index.php\/2018\/06\/04\/patios-contados-en-valencia-de-alcantara\/img_patioscontados2018_rs\/\" data-orig-file=\"https:\/\/i0.wp.com\/cultura.aupex.org\/talleresliterarios\/wp-content\/uploads\/2018\/06\/img_patioscontados2018_rs.jpg?fit=3508%2C4961&amp;ssl=1\" data-orig-size=\"3508,4961\" data-comments-opened=\"0\" data-image-meta=\"{&quot;aperture&quot;:&quot;0&quot;,&quot;credit&quot;:&quot;&quot;,&quot;camera&quot;:&quot;&quot;,&quot;caption&quot;:&quot;&quot;,&quot;created_timestamp&quot;:&quot;0&quot;,&quot;copyright&quot;:&quot;&quot;,&quot;focal_length&quot;:&quot;0&quot;,&quot;iso&quot;:&quot;0&quot;,&quot;shutter_speed&quot;:&quot;0&quot;,&quot;title&quot;:&quot;&quot;,&quot;orientation&quot;:&quot;0&quot;}\" data-image-title=\"img_patioscontados2018_rs\" data-image-description=\"\" data-image-caption=\"\" data-large-file=\"https:\/\/i0.wp.com\/cultura.aupex.org\/talleresliterarios\/wp-content\/uploads\/2018\/06\/img_patioscontados2018_rs.jpg?fit=640%2C905&amp;ssl=1\" class=\"alignnone size-medium wp-image-377\" src=\"https:\/\/i0.wp.com\/cultura.aupex.org\/talleresliterarios\/wp-content\/uploads\/2018\/06\/img_patioscontados2018_rs.jpg?resize=212%2C300&#038;ssl=1\" alt=\"\" width=\"212\" height=\"300\" srcset=\"https:\/\/i0.wp.com\/cultura.aupex.org\/talleresliterarios\/wp-content\/uploads\/2018\/06\/img_patioscontados2018_rs.jpg?resize=212%2C300&amp;ssl=1 212w, https:\/\/i0.wp.com\/cultura.aupex.org\/talleresliterarios\/wp-content\/uploads\/2018\/06\/img_patioscontados2018_rs.jpg?resize=768%2C1086&amp;ssl=1 768w, https:\/\/i0.wp.com\/cultura.aupex.org\/talleresliterarios\/wp-content\/uploads\/2018\/06\/img_patioscontados2018_rs.jpg?resize=724%2C1024&amp;ssl=1 724w, https:\/\/i0.wp.com\/cultura.aupex.org\/talleresliterarios\/wp-content\/uploads\/2018\/06\/img_patioscontados2018_rs.jpg?resize=370%2C523&amp;ssl=1 370w, https:\/\/i0.wp.com\/cultura.aupex.org\/talleresliterarios\/wp-content\/uploads\/2018\/06\/img_patioscontados2018_rs.jpg?w=1280&amp;ssl=1 1280w, https:\/\/i0.wp.com\/cultura.aupex.org\/talleresliterarios\/wp-content\/uploads\/2018\/06\/img_patioscontados2018_rs.jpg?w=1920&amp;ssl=1 1920w\" sizes=\"auto, (max-width: 212px) 100vw, 212px\" \/><\/p>\n","protected":false},"excerpt":{"rendered":"<p>Valencia de Alc\u00e1ntara inicia la actividad cultural \u00abPatios Contados\u00bb el d\u00eda 9 de junio con un homenaje a M\u00aa Victoria Moreno M\u00e1rquez, protagonista del d\u00eda de las Letras Gallegas 2018 en el que se funden poes\u00eda y m\u00fasica. Durante todo el mes de junio se podr\u00e1 disfrutar de las distintas actividades programadas en patios, rincones [&hellip;]<\/p>\n","protected":false},"author":3,"featured_media":378,"comment_status":"open","ping_status":"open","sticky":false,"template":"","format":"standard","meta":{"jetpack_post_was_ever_published":false,"_jetpack_newsletter_access":"","_jetpack_dont_email_post_to_subs":false,"_jetpack_newsletter_tier_id":0,"_jetpack_memberships_contains_paywalled_content":false,"_jetpack_memberships_contains_paid_content":false,"footnotes":""},"categories":[6,4],"tags":[],"class_list":["post-376","post","type-post","status-publish","format-standard","has-post-thumbnail","hentry","category-eventos","category-noticias"],"jetpack_featured_media_url":"https:\/\/i0.wp.com\/cultura.aupex.org\/talleresliterarios\/wp-content\/uploads\/2018\/06\/invitacion_victoriamoreno.jpg?fit=723%2C1024&ssl=1","jetpack_sharing_enabled":true,"jetpack_shortlink":"https:\/\/wp.me\/paMDlf-64","jetpack-related-posts":[],"_links":{"self":[{"href":"https:\/\/cultura.aupex.org\/talleresliterarios\/index.php\/wp-json\/wp\/v2\/posts\/376","targetHints":{"allow":["GET"]}}],"collection":[{"href":"https:\/\/cultura.aupex.org\/talleresliterarios\/index.php\/wp-json\/wp\/v2\/posts"}],"about":[{"href":"https:\/\/cultura.aupex.org\/talleresliterarios\/index.php\/wp-json\/wp\/v2\/types\/post"}],"author":[{"embeddable":true,"href":"https:\/\/cultura.aupex.org\/talleresliterarios\/index.php\/wp-json\/wp\/v2\/users\/3"}],"replies":[{"embeddable":true,"href":"https:\/\/cultura.aupex.org\/talleresliterarios\/index.php\/wp-json\/wp\/v2\/comments?post=376"}],"version-history":[{"count":1,"href":"https:\/\/cultura.aupex.org\/talleresliterarios\/index.php\/wp-json\/wp\/v2\/posts\/376\/revisions"}],"predecessor-version":[{"id":379,"href":"https:\/\/cultura.aupex.org\/talleresliterarios\/index.php\/wp-json\/wp\/v2\/posts\/376\/revisions\/379"}],"wp:featuredmedia":[{"embeddable":true,"href":"https:\/\/cultura.aupex.org\/talleresliterarios\/index.php\/wp-json\/wp\/v2\/media\/378"}],"wp:attachment":[{"href":"https:\/\/cultura.aupex.org\/talleresliterarios\/index.php\/wp-json\/wp\/v2\/media?parent=376"}],"wp:term":[{"taxonomy":"category","embeddable":true,"href":"https:\/\/cultura.aupex.org\/talleresliterarios\/index.php\/wp-json\/wp\/v2\/categories?post=376"},{"taxonomy":"post_tag","embeddable":true,"href":"https:\/\/cultura.aupex.org\/talleresliterarios\/index.php\/wp-json\/wp\/v2\/tags?post=376"}],"curies":[{"name":"wp","href":"https:\/\/api.w.org\/{rel}","templated":true}]}}