{"id":498,"date":"2019-06-18T13:07:57","date_gmt":"2019-06-18T13:07:57","guid":{"rendered":"http:\/\/cultura.aupex.org\/talleresliterarios\/?p=498"},"modified":"2019-06-18T13:08:57","modified_gmt":"2019-06-18T13:08:57","slug":"xvi-premio-de-textos-teatrales-raul-moreno-fatex-2019-y-xi-premio-de-textos-teatrales-de-autor-extremeno-fatex-2019","status":"publish","type":"post","link":"https:\/\/cultura.aupex.org\/escueladeletras\/xvi-premio-de-textos-teatrales-raul-moreno-fatex-2019-y-xi-premio-de-textos-teatrales-de-autor-extremeno-fatex-2019\/","title":{"rendered":"XVI Premio de Textos Teatrales Ra\u00fal Moreno FATEX 2019 y XI Premio de Textos Teatrales de Autor Extreme\u00f1o FATEX 2019"},"content":{"rendered":"<p>Ya est\u00e1 abierta la convocatoria para participar en el XVI Premio de Textos Teatrales \u00abRa\u00fal Moreno FATEX 2019\u00bb y el XI Premio de Textos Teatrales de Autor Extreme\u00f1o FATEX 2019.<\/p>\n<p>El plazo finalizar\u00e1 el 31\/07\/2019 a las 15:00 horas y se tendr\u00e1 en cuenta la fecha de env\u00edo. Se admitir\u00e1n todos los trabajos que lleguen con posterioridad, siempre que figure en el matasellos la fecha de salida dentro del plazo establecido.<\/p>\n<p>Consulta las bases del concurso: <a href=\"https:\/\/cultura.aupex.org\/escueladeletras\/wp-content\/uploads\/2019\/06\/Bases-PTT-2019.pdf\">Bases PTT 2019<\/a><\/p>\n<p><img fetchpriority=\"high\" decoding=\"async\" class=\"alignnone size-medium wp-image-499\" src=\"https:\/\/cultura.aupex.org\/escueladeletras\/wp-content\/uploads\/2019\/06\/fatex-300x200.jpg\" alt=\"\" width=\"300\" height=\"200\" srcset=\"https:\/\/cultura.aupex.org\/escueladeletras\/wp-content\/uploads\/2019\/06\/fatex-300x200.jpg 300w, https:\/\/cultura.aupex.org\/escueladeletras\/wp-content\/uploads\/2019\/06\/fatex-768x511.jpg 768w, https:\/\/cultura.aupex.org\/escueladeletras\/wp-content\/uploads\/2019\/06\/fatex-1024x682.jpg 1024w, https:\/\/cultura.aupex.org\/escueladeletras\/wp-content\/uploads\/2019\/06\/fatex-370x246.jpg 370w, https:\/\/cultura.aupex.org\/escueladeletras\/wp-content\/uploads\/2019\/06\/fatex-272x182.jpg 272w, https:\/\/cultura.aupex.org\/escueladeletras\/wp-content\/uploads\/2019\/06\/fatex.jpg 1280w\" sizes=\"(max-width: 300px) 100vw, 300px\" \/><\/p>\n","protected":false},"excerpt":{"rendered":"<p>Ya est\u00e1 abierta la convocatoria para participar en el XVI Premio de Textos Teatrales \u00abRa\u00fal Moreno FATEX 2019\u00bb y el XI Premio de Textos Teatrales de Autor Extreme\u00f1o FATEX 2019. El plazo finalizar\u00e1 el 31\/07\/2019 a las 15:00 horas y se tendr\u00e1 en cuenta la fecha de env\u00edo. Se admitir\u00e1n todos los trabajos que lleguen [&hellip;]<\/p>\n","protected":false},"author":3,"featured_media":499,"comment_status":"open","ping_status":"closed","sticky":false,"template":"","format":"standard","meta":{"footnotes":""},"categories":[14],"tags":[],"class_list":["post-498","post","type-post","status-publish","format-standard","has-post-thumbnail","hentry","category-certamenes-y-concursos-literarios"],"jetpack_featured_media_url":"https:\/\/cultura.aupex.org\/escueladeletras\/wp-content\/uploads\/2019\/06\/fatex.jpg","_links":{"self":[{"href":"https:\/\/cultura.aupex.org\/escueladeletras\/wp-json\/wp\/v2\/posts\/498","targetHints":{"allow":["GET"]}}],"collection":[{"href":"https:\/\/cultura.aupex.org\/escueladeletras\/wp-json\/wp\/v2\/posts"}],"about":[{"href":"https:\/\/cultura.aupex.org\/escueladeletras\/wp-json\/wp\/v2\/types\/post"}],"author":[{"embeddable":true,"href":"https:\/\/cultura.aupex.org\/escueladeletras\/wp-json\/wp\/v2\/users\/3"}],"replies":[{"embeddable":true,"href":"https:\/\/cultura.aupex.org\/escueladeletras\/wp-json\/wp\/v2\/comments?post=498"}],"version-history":[{"count":2,"href":"https:\/\/cultura.aupex.org\/escueladeletras\/wp-json\/wp\/v2\/posts\/498\/revisions"}],"predecessor-version":[{"id":502,"href":"https:\/\/cultura.aupex.org\/escueladeletras\/wp-json\/wp\/v2\/posts\/498\/revisions\/502"}],"wp:featuredmedia":[{"embeddable":true,"href":"https:\/\/cultura.aupex.org\/escueladeletras\/wp-json\/wp\/v2\/media\/499"}],"wp:attachment":[{"href":"https:\/\/cultura.aupex.org\/escueladeletras\/wp-json\/wp\/v2\/media?parent=498"}],"wp:term":[{"taxonomy":"category","embeddable":true,"href":"https:\/\/cultura.aupex.org\/escueladeletras\/wp-json\/wp\/v2\/categories?post=498"},{"taxonomy":"post_tag","embeddable":true,"href":"https:\/\/cultura.aupex.org\/escueladeletras\/wp-json\/wp\/v2\/tags?post=498"}],"curies":[{"name":"wp","href":"https:\/\/api.w.org\/{rel}","templated":true}]}}