{"id":418,"date":"2018-10-22T07:26:55","date_gmt":"2018-10-22T07:26:55","guid":{"rendered":"http:\/\/cultura.aupex.org\/talleresliterarios\/?p=418"},"modified":"2018-10-22T07:44:29","modified_gmt":"2018-10-22T07:44:29","slug":"presentacion-antologia-2015-2016","status":"publish","type":"post","link":"https:\/\/cultura.aupex.org\/escueladeletras\/presentacion-antologia-2015-2016\/","title":{"rendered":"PRESENTACI\u00d3N ANTOLOG\u00cdA 2015-2016"},"content":{"rendered":"<p><img fetchpriority=\"high\" decoding=\"async\" class=\"alignnone size-medium wp-image-419 aligncenter\" src=\"https:\/\/cultura.aupex.org\/escueladeletras\/wp-content\/uploads\/2018\/10\/tliterarios18-RODv2_invitacion-general-300x195.jpg\" alt=\"\" width=\"300\" height=\"195\" srcset=\"https:\/\/cultura.aupex.org\/escueladeletras\/wp-content\/uploads\/2018\/10\/tliterarios18-RODv2_invitacion-general-300x195.jpg 300w, https:\/\/cultura.aupex.org\/escueladeletras\/wp-content\/uploads\/2018\/10\/tliterarios18-RODv2_invitacion-general-768x500.jpg 768w, https:\/\/cultura.aupex.org\/escueladeletras\/wp-content\/uploads\/2018\/10\/tliterarios18-RODv2_invitacion-general-1024x667.jpg 1024w, https:\/\/cultura.aupex.org\/escueladeletras\/wp-content\/uploads\/2018\/10\/tliterarios18-RODv2_invitacion-general-370x241.jpg 370w\" sizes=\"(max-width: 300px) 100vw, 300px\" \/><\/p>\n<p style=\"text-align: center\"><span style=\"color: #808080\">D\u00eda <span style=\"color: #ff0000\"><strong>23 de octubre de 2018<\/strong><\/span>, a las 19:30 horas. Centro Cultural La Merced de <span style=\"color: #800000\"><strong>Llerena<\/strong><\/span><\/span><\/p>\n<p style=\"text-align: center\"><span style=\"color: #808080\">D\u00eda <span style=\"color: #ff0000\"><strong>25 de octubre de 2018<\/strong><\/span>, a las 19:30 horas. Complejo Cultural Palacio Obispo Sol\u00eds de<span style=\"color: #800000\"> <strong>Miajadas<\/strong><\/span><\/span><\/p>\n<p style=\"text-align: center\"><span style=\"color: #808080\">D\u00eda <span style=\"color: #ff0000\"><strong>9 de noviembre de 2018<\/strong><\/span>, a las 19:30 horas. Casa de la Cultura de <span style=\"color: #800000\"><strong>Cabezuela del Valle<\/strong><\/span><\/span><\/p>\n<p><span style=\"color: #808080\">Organiza: AUPEX<\/span><\/p>\n<p><span style=\"color: #808080\">Colaboran: AEEX, Plan de Fomento de la Lectura, Editora Regional de Extremadura, Ayuntamiento de Llerena, Ayuntamiento de Miajadas y Ayuntamiento de Cabezuela del Valle<\/span><\/p>\n<p><span style=\"color: #333333\">En cada una de las presentaciones se har\u00e1 lectura de poemas y relatos por parte de los autores.<\/span><\/p>\n<p><span style=\"color: #333333\">Entrada libre hasta completar aforo.<\/span><\/p>\n<p><!--more--><\/p>\n<p>Dice Rafael Reig en su Manual de Literatura para can\u00edbales que \u00abal fin y al cabo, la literatura no es m\u00e1s que un tipo que est\u00e1 en su casa y se pone a escribir en pijama\u00bb para que, despu\u00e9s de todo, cuando el libro est\u00e1 terminado, impreso y distribuido, aparezca \u00abotro, tambi\u00e9n en su casa, que se pone a leer sin zapatos, con los pies encima de la mesa. Esto es el fen\u00f3meno literario. Pare usted de contar\u00bb, concluye Reig: \u00abtipos cansados, con ojeras, que escriben en pijama. Mujeres adormiladas en un vag\u00f3n de tren. Hombres que se descalzan para leer m\u00e1s c\u00f3modos. Ni\u00f1os absortos en un rinc\u00f3n del patio durante el recreo\u00bb.<\/p>\n<p>Me gusta esa peculiar forma de describir la Literatura. En primer lugar, por lo que tiene de provocador, de deseo de quitarle hierro una realidad a menudo demasiado mitificada, pero tambi\u00e9n porque describe \u2013de un modo, desde luego, muy de andar por casa, aunque no exento por ello de poes\u00eda\u2013 la condici\u00f3n \u00edntimamente solitaria de los dos momentos entre los que transcurre el mensaje literario, el de la escritura y el de la lectura: se\u00f1ores que escriben en pijama, se\u00f1ores que leen descalzos.<\/p>\n<p>Sucede a veces, sin embargo, que esos se\u00f1ores, y se\u00f1oras, tan c\u00f3modamente encerrados a diario en sus casas sienten la necesidad de salir, de ponerse ropa de calle, calzarse los zapatos y encontrarse con otros heridos por su misma pasi\u00f3n \u2013la de leer, la de escribir\u2013 para intercambiar experiencias, para opinar, para escuchar, para aprender. A esa finalidad de encuentro responden dos instrumentos sabiamente fomentados en esta regi\u00f3n desde hace tiempo, los clubes de lectura y los talleres de escritura, lugares discretos donde esos tipos solitarios que escriben o que leen pueden compartir con otros su pasi\u00f3n por la Literatura.<\/p>\n<p>Uno, que se precia de haber empezado en esto en uno de esos talleres, todav\u00eda recuerda con viveza sus reuniones, la inquietud cuando uno de sus textos iba a ser comentado por primera vez en p\u00fablico, las sinceras impresiones de los compa\u00f1eros, los certeros consejos del profesor, las cr\u00edticas, los elogios, la extra\u00f1a, reconfortante sensaci\u00f3n de ser por primera vez le\u00eddo, y recuerda tambi\u00e9n la emoci\u00f3n de recibir, al final de curso, una antolog\u00eda como esta, editada, como esta, con mimo, de buscar su nombre en el \u00edndice con el dedo y pasar deprisa las p\u00e1ginas para contemplar, tambi\u00e9n por vez primera, sus relatos en letra de imprenta y forma de libro, sensaciones intensas que pocas experiencias posteriores de ese tipo han llegado despu\u00e9s a igualar.<\/p>\n<p>Por esa raz\u00f3n, y porque los talleres literarios se han venido echando bastante en falta estos \u00faltimos a\u00f1os, resulta esperanzador que a los Plasencia, Miajadas y virtual se hayan sumado este curso los de Llerena y Cabezuela del Valle. Quiero pensar, aunque sea ingenuamente, que es signo de que la semilla de los talleres vuelve poco a poco a prender, a brotar, de que m\u00e1s tarde o m\u00e1s temprano llegar\u00e1 a trenzarse de nuevo una aut\u00e9ntica, tupida red de talleres literarios, esos lugares privilegiados para el aprendizaje y, sobre todo, para el encuentro callado entre nosotros, los solitarios, ni\u00f1os absortos en un rinc\u00f3n del patio de recreo.<\/p>\n<p>Juan Ram\u00f3n Santos<br \/>\nPresidente de la Asociaci\u00f3n de Escritores Extreme\u00f1os<\/p>\n","protected":false},"excerpt":{"rendered":"<p>D\u00eda 23 de octubre de 2018, a las 19:30 horas. Centro Cultural La Merced de Llerena D\u00eda 25 de octubre de 2018, a las 19:30 horas. Complejo Cultural Palacio Obispo Sol\u00eds de Miajadas D\u00eda 9 de noviembre de 2018, a las 19:30 horas. Casa de la Cultura de Cabezuela del Valle Organiza: AUPEX Colaboran: AEEX, [&hellip;]<\/p>\n","protected":false},"author":3,"featured_media":419,"comment_status":"open","ping_status":"closed","sticky":false,"template":"","format":"standard","meta":{"footnotes":""},"categories":[6,4,7],"tags":[37,33,32,30,36,35,38,39,40],"class_list":["post-418","post","type-post","status-publish","format-standard","has-post-thumbnail","hentry","category-eventos","category-noticias","category-novedades-literarias-de-extremadura","tag-aeex","tag-antologia","tag-aupex","tag-editora-regional-de-extremadura","tag-plan-de-fomento-de-la-lectura","tag-presentaciones","tag-up-llerena","tag-up-miajadas","tag-up-plasencia"],"jetpack_featured_media_url":"https:\/\/cultura.aupex.org\/escueladeletras\/wp-content\/uploads\/2018\/10\/tliterarios18-RODv2_invitacion-general.jpg","_links":{"self":[{"href":"https:\/\/cultura.aupex.org\/escueladeletras\/wp-json\/wp\/v2\/posts\/418","targetHints":{"allow":["GET"]}}],"collection":[{"href":"https:\/\/cultura.aupex.org\/escueladeletras\/wp-json\/wp\/v2\/posts"}],"about":[{"href":"https:\/\/cultura.aupex.org\/escueladeletras\/wp-json\/wp\/v2\/types\/post"}],"author":[{"embeddable":true,"href":"https:\/\/cultura.aupex.org\/escueladeletras\/wp-json\/wp\/v2\/users\/3"}],"replies":[{"embeddable":true,"href":"https:\/\/cultura.aupex.org\/escueladeletras\/wp-json\/wp\/v2\/comments?post=418"}],"version-history":[{"count":5,"href":"https:\/\/cultura.aupex.org\/escueladeletras\/wp-json\/wp\/v2\/posts\/418\/revisions"}],"predecessor-version":[{"id":424,"href":"https:\/\/cultura.aupex.org\/escueladeletras\/wp-json\/wp\/v2\/posts\/418\/revisions\/424"}],"wp:featuredmedia":[{"embeddable":true,"href":"https:\/\/cultura.aupex.org\/escueladeletras\/wp-json\/wp\/v2\/media\/419"}],"wp:attachment":[{"href":"https:\/\/cultura.aupex.org\/escueladeletras\/wp-json\/wp\/v2\/media?parent=418"}],"wp:term":[{"taxonomy":"category","embeddable":true,"href":"https:\/\/cultura.aupex.org\/escueladeletras\/wp-json\/wp\/v2\/categories?post=418"},{"taxonomy":"post_tag","embeddable":true,"href":"https:\/\/cultura.aupex.org\/escueladeletras\/wp-json\/wp\/v2\/tags?post=418"}],"curies":[{"name":"wp","href":"https:\/\/api.w.org\/{rel}","templated":true}]}}