{"id":406,"date":"2018-09-26T15:48:40","date_gmt":"2018-09-26T15:48:40","guid":{"rendered":"http:\/\/cultura.aupex.org\/talleresliterarios\/?p=406"},"modified":"2018-09-26T15:50:33","modified_gmt":"2018-09-26T15:50:33","slug":"publicacion-de-la-antologia-2015-2016","status":"publish","type":"post","link":"https:\/\/cultura.aupex.org\/escueladeletras\/publicacion-de-la-antologia-2015-2016\/","title":{"rendered":"PUBLICACI\u00d3N DE LA ANTOLOG\u00cdA 2015-2016"},"content":{"rendered":"<p>Por fin ha llegado el momento de tener en nuestras manos este librito tan esperado por todos y todas. Los primeros ejemplares de la ANTOLOG\u00cdA DEL TALLER DE LA POES\u00cdA Y EL RELATO 2015-2016 ya nos han llegado desde la Editora Regional de Extremadura.<\/p>\n<p>Desde AUPEX vemos satisfecha nuestra constancia y esfuerzo porque la publicaci\u00f3n saliera adelante y damos las GRACIAS al personal t\u00e9cnico de la Editora Regional de Extremadura, por hacer realidad esta publicaci\u00f3n pese a las complicaciones de distinta \u00edndole surgidas durante el camino; a los tutores\/as y participantes del taller, por su paciencia infinita y su comprensi\u00f3n; y a los responsables de las Universidades Populares, por seguir acercando y manteniendo activos los talleres en sus municipios, haciendo que sue\u00f1os como este se puedan ver cumplidos.<\/p>\n<p><img decoding=\"async\" class=\"alignnone wp-image-407\" src=\"https:\/\/cultura.aupex.org\/escueladeletras\/wp-content\/uploads\/2018\/09\/IMG_20180926_172227-300x225.jpg\" alt=\"\" width=\"245\" height=\"184\" srcset=\"https:\/\/cultura.aupex.org\/escueladeletras\/wp-content\/uploads\/2018\/09\/IMG_20180926_172227-300x225.jpg 300w, https:\/\/cultura.aupex.org\/escueladeletras\/wp-content\/uploads\/2018\/09\/IMG_20180926_172227-768x576.jpg 768w, https:\/\/cultura.aupex.org\/escueladeletras\/wp-content\/uploads\/2018\/09\/IMG_20180926_172227-1024x768.jpg 1024w, https:\/\/cultura.aupex.org\/escueladeletras\/wp-content\/uploads\/2018\/09\/IMG_20180926_172227-370x278.jpg 370w\" sizes=\"(max-width: 245px) 100vw, 245px\" \/> <img decoding=\"async\" class=\"alignnone wp-image-408\" src=\"https:\/\/cultura.aupex.org\/escueladeletras\/wp-content\/uploads\/2018\/09\/IMG_20180926_172156-300x229.jpg\" alt=\"\" width=\"240\" height=\"183\" srcset=\"https:\/\/cultura.aupex.org\/escueladeletras\/wp-content\/uploads\/2018\/09\/IMG_20180926_172156-300x229.jpg 300w, https:\/\/cultura.aupex.org\/escueladeletras\/wp-content\/uploads\/2018\/09\/IMG_20180926_172156-768x585.jpg 768w, https:\/\/cultura.aupex.org\/escueladeletras\/wp-content\/uploads\/2018\/09\/IMG_20180926_172156-1024x781.jpg 1024w, https:\/\/cultura.aupex.org\/escueladeletras\/wp-content\/uploads\/2018\/09\/IMG_20180926_172156-370x282.jpg 370w\" sizes=\"(max-width: 240px) 100vw, 240px\" \/> <img decoding=\"async\" class=\"alignnone wp-image-409\" src=\"https:\/\/cultura.aupex.org\/escueladeletras\/wp-content\/uploads\/2018\/09\/IMG_20180926_172031-300x225.jpg\" alt=\"\" width=\"245\" height=\"184\" srcset=\"https:\/\/cultura.aupex.org\/escueladeletras\/wp-content\/uploads\/2018\/09\/IMG_20180926_172031-300x225.jpg 300w, https:\/\/cultura.aupex.org\/escueladeletras\/wp-content\/uploads\/2018\/09\/IMG_20180926_172031-768x576.jpg 768w, https:\/\/cultura.aupex.org\/escueladeletras\/wp-content\/uploads\/2018\/09\/IMG_20180926_172031-1024x768.jpg 1024w, https:\/\/cultura.aupex.org\/escueladeletras\/wp-content\/uploads\/2018\/09\/IMG_20180926_172031-370x278.jpg 370w\" sizes=\"(max-width: 245px) 100vw, 245px\" \/> <img loading=\"lazy\" decoding=\"async\" class=\"alignnone wp-image-410\" src=\"https:\/\/cultura.aupex.org\/escueladeletras\/wp-content\/uploads\/2018\/09\/IMG_20180926_171943-300x225.jpg\" alt=\"\" width=\"245\" height=\"184\" srcset=\"https:\/\/cultura.aupex.org\/escueladeletras\/wp-content\/uploads\/2018\/09\/IMG_20180926_171943-300x225.jpg 300w, https:\/\/cultura.aupex.org\/escueladeletras\/wp-content\/uploads\/2018\/09\/IMG_20180926_171943-768x576.jpg 768w, https:\/\/cultura.aupex.org\/escueladeletras\/wp-content\/uploads\/2018\/09\/IMG_20180926_171943-1024x768.jpg 1024w, https:\/\/cultura.aupex.org\/escueladeletras\/wp-content\/uploads\/2018\/09\/IMG_20180926_171943-370x278.jpg 370w\" sizes=\"(max-width: 245px) 100vw, 245px\" \/><\/p>\n","protected":false},"excerpt":{"rendered":"<p>Por fin ha llegado el momento de tener en nuestras manos este librito tan esperado por todos y todas. Los primeros ejemplares de la ANTOLOG\u00cdA DEL TALLER DE LA POES\u00cdA Y EL RELATO 2015-2016 ya nos han llegado desde la Editora Regional de Extremadura. Desde AUPEX vemos satisfecha nuestra constancia y esfuerzo porque la publicaci\u00f3n [&hellip;]<\/p>\n","protected":false},"author":3,"featured_media":411,"comment_status":"open","ping_status":"closed","sticky":false,"template":"","format":"standard","meta":{"footnotes":""},"categories":[1,4,7],"tags":[33,32,31,30,34],"class_list":["post-406","post","type-post","status-publish","format-standard","has-post-thumbnail","hentry","category-general","category-noticias","category-novedades-literarias-de-extremadura","tag-antologia","tag-aupex","tag-consejeria-de-cultura-e-igualdad-de-la-junta-de-extremadura","tag-editora-regional-de-extremadura","tag-talleres-literarios"],"jetpack_featured_media_url":"https:\/\/cultura.aupex.org\/escueladeletras\/wp-content\/uploads\/2018\/09\/IMG_20180926_171916-e1537976999996.jpg","_links":{"self":[{"href":"https:\/\/cultura.aupex.org\/escueladeletras\/wp-json\/wp\/v2\/posts\/406","targetHints":{"allow":["GET"]}}],"collection":[{"href":"https:\/\/cultura.aupex.org\/escueladeletras\/wp-json\/wp\/v2\/posts"}],"about":[{"href":"https:\/\/cultura.aupex.org\/escueladeletras\/wp-json\/wp\/v2\/types\/post"}],"author":[{"embeddable":true,"href":"https:\/\/cultura.aupex.org\/escueladeletras\/wp-json\/wp\/v2\/users\/3"}],"replies":[{"embeddable":true,"href":"https:\/\/cultura.aupex.org\/escueladeletras\/wp-json\/wp\/v2\/comments?post=406"}],"version-history":[{"count":2,"href":"https:\/\/cultura.aupex.org\/escueladeletras\/wp-json\/wp\/v2\/posts\/406\/revisions"}],"predecessor-version":[{"id":413,"href":"https:\/\/cultura.aupex.org\/escueladeletras\/wp-json\/wp\/v2\/posts\/406\/revisions\/413"}],"wp:featuredmedia":[{"embeddable":true,"href":"https:\/\/cultura.aupex.org\/escueladeletras\/wp-json\/wp\/v2\/media\/411"}],"wp:attachment":[{"href":"https:\/\/cultura.aupex.org\/escueladeletras\/wp-json\/wp\/v2\/media?parent=406"}],"wp:term":[{"taxonomy":"category","embeddable":true,"href":"https:\/\/cultura.aupex.org\/escueladeletras\/wp-json\/wp\/v2\/categories?post=406"},{"taxonomy":"post_tag","embeddable":true,"href":"https:\/\/cultura.aupex.org\/escueladeletras\/wp-json\/wp\/v2\/tags?post=406"}],"curies":[{"name":"wp","href":"https:\/\/api.w.org\/{rel}","templated":true}]}}