{"id":372,"date":"2018-04-10T11:22:46","date_gmt":"2018-04-10T11:22:46","guid":{"rendered":"http:\/\/cultura.aupex.org\/talleresliterarios\/?p=372"},"modified":"2018-04-10T11:22:46","modified_gmt":"2018-04-10T11:22:46","slug":"xvii-premio-nacional-de-relatos-cortos","status":"publish","type":"post","link":"https:\/\/cultura.aupex.org\/escueladeletras\/xvii-premio-nacional-de-relatos-cortos\/","title":{"rendered":"XVII PREMIO NACIONAL DE RELATOS CORTOS"},"content":{"rendered":"<p><img decoding=\"async\" class=\"alignnone size-medium wp-image-373\" src=\"https:\/\/cultura.aupex.org\/escueladeletras\/wp-content\/uploads\/2018\/04\/mujeresprogresistas-300x108.jpg\" alt=\"\" width=\"300\" height=\"108\" srcset=\"https:\/\/cultura.aupex.org\/escueladeletras\/wp-content\/uploads\/2018\/04\/mujeresprogresistas-300x108.jpg 300w, https:\/\/cultura.aupex.org\/escueladeletras\/wp-content\/uploads\/2018\/04\/mujeresprogresistas-768x278.jpg 768w, https:\/\/cultura.aupex.org\/escueladeletras\/wp-content\/uploads\/2018\/04\/mujeresprogresistas-370x134.jpg 370w, https:\/\/cultura.aupex.org\/escueladeletras\/wp-content\/uploads\/2018\/04\/mujeresprogresistas.jpg 813w\" sizes=\"(max-width: 300px) 100vw, 300px\" \/><\/p>\n<p>La <strong>Asociaci\u00f3n de Mujeres Progresistas de Badajoz<\/strong> convoca, la D\u00c9CIMO S\u00c9PTIMA EDICI\u00d3N DE SU PREMIO<br \/>\nDE RELATOS CORTOS.<br \/>\nPodr\u00e1n participar todas aquellas personas que lo deseen, sin l\u00edmite de edad y que residan dentro del \u00e1mbito nacional,<br \/>\ndebiendo reunir los relatos las siguientes condiciones.<\/p>\n<ul>\n<li>ESTAR ESCRITOS EN LENGUA CASTELLANA<\/li>\n<li>TEMA LIBRES<\/li>\n<li>SER IN\u00c9DITOS EN CUALQUIER LENGUA<\/li>\n<li>NO HABER SIDO PREMIADOS EN NING\u00daN OTRO CERTAMEN<\/li>\n<li>TENER UNA EXTENSI\u00d3N NO INFERIOR A DOS FOLIOS, NO SUPERIOR A TRES, ESCRITOS A 1,5<br \/>\nESPACIO INTERLINEAL Y POR UNA SOLA CARA. TIMES NEW ROMAN (12).<\/li>\n<\/ul>\n<p>Las personas que concurran al Premio presentar\u00e1n sus relatos mediante correo electr\u00f3nico que constar\u00e1 de 2<br \/>\narchivos: uno con el Relato, en el que deber\u00e1 figurar el t\u00edtulo y el seud\u00f3nimo, nunca el nombre o firma del autor\/a, y<br \/>\nel otro con la plica, que contendr\u00e1 t\u00edtulo, seud\u00f3nimo y datos personales (Nombre, Apellidos, Fecha de Nacimiento,<br \/>\nDirecci\u00f3n Postal, Correo Electr\u00f3nico, Tel\u00e9fono y D.N.I.).<\/p>\n<p>Ambos archivos se enviar\u00e1n a: progresistasba@badajoz.org, indicando en el Asunto: XVII Premio Relatos Cortos.<\/p>\n<p>Se establece un \u00fanico premio, para el mejor relato, consistente en un lector de libros electr\u00f3nicos y una Petra (Retrato en piedra, de una mujer representativa del mundo de las artes, la literatura, etc).<\/p>\n<p>El plazo de presentaci\u00f3n de originales comienza el 10 de enero de 2018 y terminar\u00e1 el 20 de abril de 2018<br \/>\n(inclusive). El premio ser\u00e1 dado a conocer en la \u00faltima semana del mes de abril.<\/p>\n<p>PARA M\u00c1S INFORMACI\u00d3N:<br \/>\nTel\u00e9fonos: 924- 22 47 62 \/ 615 59 10 85<br \/>\nprogresistasba@badajoz.org<br \/>\nFacebook Asociaci\u00f3n de Mujeres Progresistas de Badajoz<\/p>\n<p>NOTA: Los mejores relatos de la presente edici\u00f3n ser\u00e1n publicados en edici\u00f3n no venal, por la Diputaci\u00f3n<br \/>\nProvincial de Badajoz, a excepci\u00f3n de aquellos cuyos autores comuniquen a la organizaci\u00f3n su desautorizaci\u00f3n<br \/>\nexpresa<\/p>\n","protected":false},"excerpt":{"rendered":"<p>La Asociaci\u00f3n de Mujeres Progresistas de Badajoz convoca, la D\u00c9CIMO S\u00c9PTIMA EDICI\u00d3N DE SU PREMIO DE RELATOS CORTOS. Podr\u00e1n participar todas aquellas personas que lo deseen, sin l\u00edmite de edad y que residan dentro del \u00e1mbito nacional, debiendo reunir los relatos las siguientes condiciones. ESTAR ESCRITOS EN LENGUA CASTELLANA TEMA LIBRES SER IN\u00c9DITOS EN CUALQUIER [&hellip;]<\/p>\n","protected":false},"author":3,"featured_media":373,"comment_status":"open","ping_status":"closed","sticky":false,"template":"","format":"standard","meta":{"footnotes":""},"categories":[14,7],"tags":[8,22,21],"class_list":["post-372","post","type-post","status-publish","format-standard","has-post-thumbnail","hentry","category-certamenes-y-concursos-literarios","category-novedades-literarias-de-extremadura","tag-certamen-literario","tag-extremadura","tag-relato"],"jetpack_featured_media_url":"https:\/\/cultura.aupex.org\/escueladeletras\/wp-content\/uploads\/2018\/04\/mujeresprogresistas.jpg","_links":{"self":[{"href":"https:\/\/cultura.aupex.org\/escueladeletras\/wp-json\/wp\/v2\/posts\/372","targetHints":{"allow":["GET"]}}],"collection":[{"href":"https:\/\/cultura.aupex.org\/escueladeletras\/wp-json\/wp\/v2\/posts"}],"about":[{"href":"https:\/\/cultura.aupex.org\/escueladeletras\/wp-json\/wp\/v2\/types\/post"}],"author":[{"embeddable":true,"href":"https:\/\/cultura.aupex.org\/escueladeletras\/wp-json\/wp\/v2\/users\/3"}],"replies":[{"embeddable":true,"href":"https:\/\/cultura.aupex.org\/escueladeletras\/wp-json\/wp\/v2\/comments?post=372"}],"version-history":[{"count":1,"href":"https:\/\/cultura.aupex.org\/escueladeletras\/wp-json\/wp\/v2\/posts\/372\/revisions"}],"predecessor-version":[{"id":374,"href":"https:\/\/cultura.aupex.org\/escueladeletras\/wp-json\/wp\/v2\/posts\/372\/revisions\/374"}],"wp:featuredmedia":[{"embeddable":true,"href":"https:\/\/cultura.aupex.org\/escueladeletras\/wp-json\/wp\/v2\/media\/373"}],"wp:attachment":[{"href":"https:\/\/cultura.aupex.org\/escueladeletras\/wp-json\/wp\/v2\/media?parent=372"}],"wp:term":[{"taxonomy":"category","embeddable":true,"href":"https:\/\/cultura.aupex.org\/escueladeletras\/wp-json\/wp\/v2\/categories?post=372"},{"taxonomy":"post_tag","embeddable":true,"href":"https:\/\/cultura.aupex.org\/escueladeletras\/wp-json\/wp\/v2\/tags?post=372"}],"curies":[{"name":"wp","href":"https:\/\/api.w.org\/{rel}","templated":true}]}}