{"id":361,"date":"2018-03-09T12:49:42","date_gmt":"2018-03-09T12:49:42","guid":{"rendered":"http:\/\/cultura.aupex.org\/talleresliterarios\/?p=361"},"modified":"2018-03-09T13:07:32","modified_gmt":"2018-03-09T13:07:32","slug":"iv-concurso-de-microrrelatos-eapn-espana","status":"publish","type":"post","link":"https:\/\/cultura.aupex.org\/escueladeletras\/iv-concurso-de-microrrelatos-eapn-espana\/","title":{"rendered":"IV Concurso de microrrelatos EAPN Espa\u00f1a"},"content":{"rendered":"<p><img fetchpriority=\"high\" decoding=\"async\" class=\"alignnone size-medium wp-image-362\" src=\"https:\/\/cultura.aupex.org\/escueladeletras\/wp-content\/uploads\/2018\/03\/iv-concurso-eapn-300x230.jpg\" alt=\"\" width=\"300\" height=\"230\" srcset=\"https:\/\/cultura.aupex.org\/escueladeletras\/wp-content\/uploads\/2018\/03\/iv-concurso-eapn-300x230.jpg 300w, https:\/\/cultura.aupex.org\/escueladeletras\/wp-content\/uploads\/2018\/03\/iv-concurso-eapn-370x283.jpg 370w, https:\/\/cultura.aupex.org\/escueladeletras\/wp-content\/uploads\/2018\/03\/iv-concurso-eapn.jpg 400w\" sizes=\"(max-width: 300px) 100vw, 300px\" \/><\/p>\n<p>La Escuela de Escritores y EAPN-ES convocan el IV Concurso de #microrrelatos \u00abLa pobreza en cien palabras\u00bb (hasta el 16 de abril). El objetivo es llamar la atenci\u00f3n sobre las situaciones de exclusi\u00f3n social y #pobreza que sufren diariamente miles de personas en nuestro pa\u00eds.<\/p>\n<p>Buscan las mejores historias con un m\u00e1ximo de cien palabras que denuncien, describan o llamen la atenci\u00f3n sobre esta situaci\u00f3n, sobre sus lacras -el rechazo, la marginaci\u00f3n, el miedo al pobre- y sus capacidades -la solidaridad, la empat\u00eda, el trabajo en equipo-.<\/p>\n<p>El plazo para participar en el IV concurso de microrrelatos \u201cLa pobreza en cien palabras\u201d estar\u00e1 abierto hasta el 16 de abril.<\/p>\n<p>Las bases est\u00e1n en la web de la Escuela de Escritores: <a href=\"https:\/\/escueladeescritores.com\/concursos-literarios\/eapn-2018\/\">https:\/\/escueladeescritores.com\/concursos-literarios\/eapn-2018\/<\/a><\/p>\n<p>Y tambi\u00e9n en la web de EAPN: <a href=\"http:\/\/www.eapn.es\/noticias\/805\/abierto-el-iv-concurso-de-microrrelatos-de-eapn-es-y-escuela-de-escritores-&amp;quotla-pobreza-en-cien-palabras%22\">http:\/\/www.eapn.es\/noticias\/805\/abierto-el-iv-concurso-de-microrrelatos-de-eapn-es-y-escuela-de-escritores-&amp;quotla-pobreza-en-cien-palabras%22<\/a><\/p>\n","protected":false},"excerpt":{"rendered":"<p>La Escuela de Escritores y EAPN-ES convocan el IV Concurso de #microrrelatos \u00abLa pobreza en cien palabras\u00bb (hasta el 16 de abril). El objetivo es llamar la atenci\u00f3n sobre las situaciones de exclusi\u00f3n social y #pobreza que sufren diariamente miles de personas en nuestro pa\u00eds. Buscan las mejores historias con un m\u00e1ximo de cien palabras [&hellip;]<\/p>\n","protected":false},"author":3,"featured_media":362,"comment_status":"open","ping_status":"closed","sticky":false,"template":"","format":"standard","meta":{"footnotes":""},"categories":[14],"tags":[8],"class_list":["post-361","post","type-post","status-publish","format-standard","has-post-thumbnail","hentry","category-certamenes-y-concursos-literarios","tag-certamen-literario"],"jetpack_featured_media_url":"https:\/\/cultura.aupex.org\/escueladeletras\/wp-content\/uploads\/2018\/03\/iv-concurso-eapn.jpg","_links":{"self":[{"href":"https:\/\/cultura.aupex.org\/escueladeletras\/wp-json\/wp\/v2\/posts\/361","targetHints":{"allow":["GET"]}}],"collection":[{"href":"https:\/\/cultura.aupex.org\/escueladeletras\/wp-json\/wp\/v2\/posts"}],"about":[{"href":"https:\/\/cultura.aupex.org\/escueladeletras\/wp-json\/wp\/v2\/types\/post"}],"author":[{"embeddable":true,"href":"https:\/\/cultura.aupex.org\/escueladeletras\/wp-json\/wp\/v2\/users\/3"}],"replies":[{"embeddable":true,"href":"https:\/\/cultura.aupex.org\/escueladeletras\/wp-json\/wp\/v2\/comments?post=361"}],"version-history":[{"count":1,"href":"https:\/\/cultura.aupex.org\/escueladeletras\/wp-json\/wp\/v2\/posts\/361\/revisions"}],"predecessor-version":[{"id":363,"href":"https:\/\/cultura.aupex.org\/escueladeletras\/wp-json\/wp\/v2\/posts\/361\/revisions\/363"}],"wp:featuredmedia":[{"embeddable":true,"href":"https:\/\/cultura.aupex.org\/escueladeletras\/wp-json\/wp\/v2\/media\/362"}],"wp:attachment":[{"href":"https:\/\/cultura.aupex.org\/escueladeletras\/wp-json\/wp\/v2\/media?parent=361"}],"wp:term":[{"taxonomy":"category","embeddable":true,"href":"https:\/\/cultura.aupex.org\/escueladeletras\/wp-json\/wp\/v2\/categories?post=361"},{"taxonomy":"post_tag","embeddable":true,"href":"https:\/\/cultura.aupex.org\/escueladeletras\/wp-json\/wp\/v2\/tags?post=361"}],"curies":[{"name":"wp","href":"https:\/\/api.w.org\/{rel}","templated":true}]}}