{"id":346,"date":"2018-02-22T08:36:21","date_gmt":"2018-02-22T08:36:21","guid":{"rendered":"http:\/\/cultura.aupex.org\/talleresliterarios\/?p=346"},"modified":"2018-02-22T08:36:21","modified_gmt":"2018-02-22T08:36:21","slug":"iv-edicion-de-centrifugados","status":"publish","type":"post","link":"https:\/\/cultura.aupex.org\/escueladeletras\/iv-edicion-de-centrifugados\/","title":{"rendered":"IV Edici\u00f3n de Centrifugados"},"content":{"rendered":"<p><strong>Centrifugados<\/strong> es un encuentro en el que se re\u00fane parte de lo mejor de la literatura independiente en espa\u00f1ol. El encuentro se apoya en estos cuatro pilares:<br \/>\na) Una feria de editoriales independientes de Espa\u00f1a y Latinoam\u00e9rica. En ella, los visitantes cuentan con la oportunidad de conocer cat\u00e1logos que normalmente llegan con dificultad a las librer\u00edas y que proponen l\u00edneas de publicaci\u00f3n distintas y originales.<br \/>\nb) Un ciclo de ponencias y mesas redondas en las que se analizan temas tan diversos como la edici\u00f3n alternativa o los nuevos rumbos de la \u00faltima literatura.<br \/>\nc) Talleres alrededor del libro, como, por ejemplo, de libros cartoneros, de tuneo de libros o de confecci\u00f3n de libros artesanales.<br \/>\nd) Un ciclo de lecturas nocturnas en las que los autores ofrecen un primer plano, \u00edntimo unas veces, canalla otras.<\/p>\n<p><strong>Plasencia, centro Cultural Las Claras. 23, 24, 25 de febrero de 2018<\/strong><\/p>\n<p>M\u00e1s informaci\u00f3n en <a href=\"http:\/\/poetascentrifugados.blogspot.com.es\/\">http:\/\/poetascentrifugados.blogspot.com.es\/<\/a><\/p>\n<p><img fetchpriority=\"high\" decoding=\"async\" class=\"alignnone size-medium wp-image-347\" src=\"https:\/\/cultura.aupex.org\/escueladeletras\/wp-content\/uploads\/2018\/02\/Centrifugados_1-300x211.png\" alt=\"\" width=\"300\" height=\"211\" srcset=\"https:\/\/cultura.aupex.org\/escueladeletras\/wp-content\/uploads\/2018\/02\/Centrifugados_1-300x211.png 300w, https:\/\/cultura.aupex.org\/escueladeletras\/wp-content\/uploads\/2018\/02\/Centrifugados_1.png 320w\" sizes=\"(max-width: 300px) 100vw, 300px\" \/> <img decoding=\"async\" class=\"alignnone size-medium wp-image-348\" src=\"https:\/\/cultura.aupex.org\/escueladeletras\/wp-content\/uploads\/2018\/02\/Centrifugados_2-300x212.png\" alt=\"\" width=\"300\" height=\"212\" srcset=\"https:\/\/cultura.aupex.org\/escueladeletras\/wp-content\/uploads\/2018\/02\/Centrifugados_2-300x212.png 300w, https:\/\/cultura.aupex.org\/escueladeletras\/wp-content\/uploads\/2018\/02\/Centrifugados_2.png 320w\" sizes=\"(max-width: 300px) 100vw, 300px\" \/><\/p>\n","protected":false},"excerpt":{"rendered":"<p>Centrifugados es un encuentro en el que se re\u00fane parte de lo mejor de la literatura independiente en espa\u00f1ol. El encuentro se apoya en estos cuatro pilares: a) Una feria de editoriales independientes de Espa\u00f1a y Latinoam\u00e9rica. En ella, los visitantes cuentan con la oportunidad de conocer cat\u00e1logos que normalmente llegan con dificultad a las [&hellip;]<\/p>\n","protected":false},"author":3,"featured_media":347,"comment_status":"open","ping_status":"closed","sticky":false,"template":"","format":"standard","meta":{"footnotes":""},"categories":[7],"tags":[20,17,18,19],"class_list":["post-346","post","type-post","status-publish","format-standard","has-post-thumbnail","hentry","category-novedades-literarias-de-extremadura","tag-editoriales","tag-encuentros","tag-escritores","tag-libros"],"jetpack_featured_media_url":"https:\/\/cultura.aupex.org\/escueladeletras\/wp-content\/uploads\/2018\/02\/Centrifugados_1.png","_links":{"self":[{"href":"https:\/\/cultura.aupex.org\/escueladeletras\/wp-json\/wp\/v2\/posts\/346","targetHints":{"allow":["GET"]}}],"collection":[{"href":"https:\/\/cultura.aupex.org\/escueladeletras\/wp-json\/wp\/v2\/posts"}],"about":[{"href":"https:\/\/cultura.aupex.org\/escueladeletras\/wp-json\/wp\/v2\/types\/post"}],"author":[{"embeddable":true,"href":"https:\/\/cultura.aupex.org\/escueladeletras\/wp-json\/wp\/v2\/users\/3"}],"replies":[{"embeddable":true,"href":"https:\/\/cultura.aupex.org\/escueladeletras\/wp-json\/wp\/v2\/comments?post=346"}],"version-history":[{"count":1,"href":"https:\/\/cultura.aupex.org\/escueladeletras\/wp-json\/wp\/v2\/posts\/346\/revisions"}],"predecessor-version":[{"id":349,"href":"https:\/\/cultura.aupex.org\/escueladeletras\/wp-json\/wp\/v2\/posts\/346\/revisions\/349"}],"wp:featuredmedia":[{"embeddable":true,"href":"https:\/\/cultura.aupex.org\/escueladeletras\/wp-json\/wp\/v2\/media\/347"}],"wp:attachment":[{"href":"https:\/\/cultura.aupex.org\/escueladeletras\/wp-json\/wp\/v2\/media?parent=346"}],"wp:term":[{"taxonomy":"category","embeddable":true,"href":"https:\/\/cultura.aupex.org\/escueladeletras\/wp-json\/wp\/v2\/categories?post=346"},{"taxonomy":"post_tag","embeddable":true,"href":"https:\/\/cultura.aupex.org\/escueladeletras\/wp-json\/wp\/v2\/tags?post=346"}],"curies":[{"name":"wp","href":"https:\/\/api.w.org\/{rel}","templated":true}]}}