{"id":975,"date":"2022-08-29T11:56:43","date_gmt":"2022-08-29T11:56:43","guid":{"rendered":"https:\/\/cultura.aupex.org\/danzaenmovimiento\/?p=975"},"modified":"2022-08-29T12:01:15","modified_gmt":"2022-08-29T12:01:15","slug":"acercadanza_lab-24-de-octubre-al-3-de-diciembre","status":"publish","type":"post","link":"https:\/\/cultura.aupex.org\/danzaenmovimiento\/2022\/08\/29\/acercadanza_lab-24-de-octubre-al-3-de-diciembre\/","title":{"rendered":"ACERCADANZA_LAB: 24 de octubre al 3 de diciembre"},"content":{"rendered":"\n<p><strong>Tras<\/strong>&nbsp;diez a\u00f1os realizando el proyecto Danza enMovimiento_Campa\u00f1a de sensibilizaci\u00f3n y acercamiento hacia las Artes del Movimiento en el medio rural extreme\u00f1o\u2026<\/p>\n\n\n\n<p><strong>Tras&nbsp;<\/strong>llegar a m\u00e1s de 55 poblaciones en las que dichas acciones han tenido un efecto realmente positivo y donde las personas de las diferentes localidades han podido disfrutar de la experiencia del movimiento con car\u00e1cter saludable, creativo, contempor\u00e1neo y con sentido comunitario\u2026<\/p>\n\n\n\n<p><strong>Tras<\/strong>\u00a0identificar que la mayor\u00eda de las poblaciones quedan \u201cenamoradas de la danza\u201d pero que la danza como expresi\u00f3n art\u00edstica sigue teniendo poca presencia en el territorio a nivel de proyecto cultural, experiencial y art\u00edstico, y que esta pr\u00e1ctica y contacto no suele tener continuidad en el tiempo&#8230;<\/p>\n\n\n\n<p><strong>Deseamos<\/strong>&nbsp;impulsar este proyecto piloto con la intenci\u00f3n de ayudar a aquellas personas con experiencia y motivaci\u00f3n por las artes del movimiento a emprender acciones art\u00edsticas o proyectos de danza pensados para la comunidad y que ayuden a fortalecer el tejido danc\u00edstico de los territorios eniendo en cuenta la diversidad, los contextos y los colectivos.<\/p>\n\n\n\n<p><strong>ACERCADANZA_LAB<\/strong>\u00a0es una iniciativa dise\u00f1ada por Sara Garc\u00eda-Guisado, que desarrolla Casa de Harina_Acci\u00f3n Cultural por el Desarrollo y se organiza con la importante colaboraci\u00f3n de AUPEX (entidad que cuenta con el soporte de la Diputaci\u00f3n de Badajoz y la Diputaci\u00f3n de C\u00e1ceres para la realizaci\u00f3n de proyectos de desarrollo cultural en Extremadura).<\/p>\n\n\n\n<p>M\u00e1s informaci\u00f3n en: <a href=\"http:\/\/casadeharina.com\/acercadanza\/\" target=\"_blank\" rel=\"noreferrer noopener\">Casa de Harina_Acci\u00f3n cultural por el desarrollo<\/a> &amp; <a href=\"https:\/\/www.aupex.org\/mostrar_noticia.php?id=2252\" target=\"_blank\" rel=\"noreferrer noopener\">Asociaci\u00f3n de Universidades Populares de Extremadura <\/a><\/p>\n\n\n\n<p>La inscripci\u00f3n puede formalizarse&nbsp;<a href=\"https:\/\/forms.gle\/Dz4yDKL6agoBmRuA8\" target=\"_blank\" rel=\"noreferrer noopener\">AQU\u00cd<\/a>.<\/p>\n\n\n\n<p>Toda la informaci\u00f3n y las bases de participaci\u00f3n est\u00e1n disponibles en el siguiente&nbsp;<a href=\"https:\/\/drive.google.com\/file\/d\/1ZjsZzElGwLdW-AvJTSiC3deUzv1cjyzo\/view?usp=sharing\" target=\"_blank\" rel=\"noreferrer noopener\">DOSSIER<\/a><\/p>\n\n\n\n<p>El v\u00eddeo de promoci\u00f3n sobre el laboratorio est\u00e1 disponible\u00a0<a rel=\"noreferrer noopener\" href=\"https:\/\/youtu.be\/bGL7TAYezlc\" target=\"_blank\">AQU\u00cd<\/a>.<\/p>\n\n\n\n<figure class=\"wp-block-image size-large\"><img fetchpriority=\"high\" decoding=\"async\" width=\"734\" height=\"1024\" src=\"https:\/\/cultura.aupex.org\/danzaenmovimiento\/wp-content\/uploads\/2022\/08\/ACERCADANZA-CARTEL-PEQUE-FINAL-768x1072-1-734x1024.jpg\" alt=\"\" class=\"wp-image-976\" srcset=\"https:\/\/cultura.aupex.org\/danzaenmovimiento\/wp-content\/uploads\/2022\/08\/ACERCADANZA-CARTEL-PEQUE-FINAL-768x1072-1-734x1024.jpg 734w, https:\/\/cultura.aupex.org\/danzaenmovimiento\/wp-content\/uploads\/2022\/08\/ACERCADANZA-CARTEL-PEQUE-FINAL-768x1072-1-215x300.jpg 215w, https:\/\/cultura.aupex.org\/danzaenmovimiento\/wp-content\/uploads\/2022\/08\/ACERCADANZA-CARTEL-PEQUE-FINAL-768x1072-1-370x516.jpg 370w, https:\/\/cultura.aupex.org\/danzaenmovimiento\/wp-content\/uploads\/2022\/08\/ACERCADANZA-CARTEL-PEQUE-FINAL-768x1072-1.jpg 768w\" sizes=\"(max-width: 734px) 100vw, 734px\" \/><\/figure>\n\n\n\n<p><br><\/p>\n","protected":false},"excerpt":{"rendered":"<p>Tras&nbsp;diez a\u00f1os realizando el proyecto Danza enMovimiento_Campa\u00f1a de sensibilizaci\u00f3n y acercamiento hacia las Artes del Movimiento en el medio rural extreme\u00f1o\u2026 Tras&nbsp;llegar a m\u00e1s de 55 poblaciones en las que dichas acciones han tenido un efecto realmente positivo y donde las personas de las diferentes localidades han podido disfrutar de la experiencia del movimiento con [&hellip;]<\/p>\n","protected":false},"author":2,"featured_media":977,"comment_status":"closed","ping_status":"closed","sticky":false,"template":"","format":"standard","meta":{"footnotes":""},"categories":[90],"tags":[11,10,9,8],"class_list":["post-975","post","type-post","status-publish","format-standard","has-post-thumbnail","hentry","category-acercadanza_lab","tag-aupex","tag-casa-de-harina_accion-cultural-por-el-desarrollo","tag-diputacion-de-badajoz","tag-diputacion-de-caceres"],"_links":{"self":[{"href":"https:\/\/cultura.aupex.org\/danzaenmovimiento\/wp-json\/wp\/v2\/posts\/975","targetHints":{"allow":["GET"]}}],"collection":[{"href":"https:\/\/cultura.aupex.org\/danzaenmovimiento\/wp-json\/wp\/v2\/posts"}],"about":[{"href":"https:\/\/cultura.aupex.org\/danzaenmovimiento\/wp-json\/wp\/v2\/types\/post"}],"author":[{"embeddable":true,"href":"https:\/\/cultura.aupex.org\/danzaenmovimiento\/wp-json\/wp\/v2\/users\/2"}],"replies":[{"embeddable":true,"href":"https:\/\/cultura.aupex.org\/danzaenmovimiento\/wp-json\/wp\/v2\/comments?post=975"}],"version-history":[{"count":3,"href":"https:\/\/cultura.aupex.org\/danzaenmovimiento\/wp-json\/wp\/v2\/posts\/975\/revisions"}],"predecessor-version":[{"id":981,"href":"https:\/\/cultura.aupex.org\/danzaenmovimiento\/wp-json\/wp\/v2\/posts\/975\/revisions\/981"}],"wp:featuredmedia":[{"embeddable":true,"href":"https:\/\/cultura.aupex.org\/danzaenmovimiento\/wp-json\/wp\/v2\/media\/977"}],"wp:attachment":[{"href":"https:\/\/cultura.aupex.org\/danzaenmovimiento\/wp-json\/wp\/v2\/media?parent=975"}],"wp:term":[{"taxonomy":"category","embeddable":true,"href":"https:\/\/cultura.aupex.org\/danzaenmovimiento\/wp-json\/wp\/v2\/categories?post=975"},{"taxonomy":"post_tag","embeddable":true,"href":"https:\/\/cultura.aupex.org\/danzaenmovimiento\/wp-json\/wp\/v2\/tags?post=975"}],"curies":[{"name":"wp","href":"https:\/\/api.w.org\/{rel}","templated":true}]}}