{"id":971,"date":"2022-08-14T13:57:00","date_gmt":"2022-08-14T13:57:00","guid":{"rendered":"https:\/\/cultura.aupex.org\/danzaenmovimiento\/?p=971"},"modified":"2022-08-29T12:01:04","modified_gmt":"2022-08-29T12:01:04","slug":"danzando-en-el-yacimiento-arqueologico-torre-del-agila-en-barbano-badajoz","status":"publish","type":"post","link":"https:\/\/cultura.aupex.org\/danzaenmovimiento\/2022\/08\/14\/danzando-en-el-yacimiento-arqueologico-torre-del-agila-en-barbano-badajoz\/","title":{"rendered":"Danzando en el yacimiento arqueol\u00f3gico Torre del \u00c1guila, en Barba\u00f1o (Badajoz)"},"content":{"rendered":"\n<p>Este v\u00eddeo-danza es una memoria de la experiencia danzada creado por Sara Garc\u00eda-Guisado en el yacimiento arqueol\u00f3gico Torre del \u00c1guila de BARBA\u00d1O con la participaci\u00f3n de Alfonsi, Sira, Hern\u00e1n, Claudia y Sara para el proyecto DANZA EN MOVIMIENTO en julio de 2022.<\/p>\n\n\n\n<p>Poblaci\u00f3n  n\u00ba 53<br>Localizaci\u00f3n: Yacimiento Torre del \u00c1guila. Barba\u00f1o (Montijo, Badajoz)<br>M\u00fasica: Kevin McLeod. INFADOS. Atribuci\u00f3n 4.0 de Creative Commons<\/p>\n\n\n\n<figure class=\"wp-block-image size-large\"><a href=\"https:\/\/www.youtube.com\/watch?v=j6012RbmA7o\"><img fetchpriority=\"high\" decoding=\"async\" width=\"1024\" height=\"633\" src=\"https:\/\/cultura.aupex.org\/danzaenmovimiento\/wp-content\/uploads\/2022\/08\/CapturaVideo-1024x633.jpg\" alt=\"\" class=\"wp-image-972\" srcset=\"https:\/\/cultura.aupex.org\/danzaenmovimiento\/wp-content\/uploads\/2022\/08\/CapturaVideo-1024x633.jpg 1024w, https:\/\/cultura.aupex.org\/danzaenmovimiento\/wp-content\/uploads\/2022\/08\/CapturaVideo-300x185.jpg 300w, https:\/\/cultura.aupex.org\/danzaenmovimiento\/wp-content\/uploads\/2022\/08\/CapturaVideo-768x475.jpg 768w, https:\/\/cultura.aupex.org\/danzaenmovimiento\/wp-content\/uploads\/2022\/08\/CapturaVideo-1536x949.jpg 1536w, https:\/\/cultura.aupex.org\/danzaenmovimiento\/wp-content\/uploads\/2022\/08\/CapturaVideo-370x229.jpg 370w, https:\/\/cultura.aupex.org\/danzaenmovimiento\/wp-content\/uploads\/2022\/08\/CapturaVideo.jpg 1942w\" sizes=\"(max-width: 1024px) 100vw, 1024px\" \/><\/a><\/figure>\n\n\n\n<p><\/p>\n","protected":false},"excerpt":{"rendered":"<p>Este v\u00eddeo-danza es una memoria de la experiencia danzada creado por Sara Garc\u00eda-Guisado en el yacimiento arqueol\u00f3gico Torre del \u00c1guila de BARBA\u00d1O con la participaci\u00f3n de Alfonsi, Sira, Hern\u00e1n, Claudia y Sara para el proyecto DANZA EN MOVIMIENTO en julio de 2022. Poblaci\u00f3n n\u00ba 53Localizaci\u00f3n: Yacimiento Torre del \u00c1guila. Barba\u00f1o (Montijo, Badajoz)M\u00fasica: Kevin McLeod. INFADOS. [&hellip;]<\/p>\n","protected":false},"author":2,"featured_media":972,"comment_status":"closed","ping_status":"closed","sticky":false,"template":"","format":"standard","meta":{"footnotes":""},"categories":[7,27],"tags":[10,9,19],"class_list":["post-971","post","type-post","status-publish","format-standard","has-post-thumbnail","hentry","category-actualidad","category-video-danza","tag-casa-de-harina_accion-cultural-por-el-desarrollo","tag-diputacion-de-badajoz","tag-video-danza"],"_links":{"self":[{"href":"https:\/\/cultura.aupex.org\/danzaenmovimiento\/wp-json\/wp\/v2\/posts\/971","targetHints":{"allow":["GET"]}}],"collection":[{"href":"https:\/\/cultura.aupex.org\/danzaenmovimiento\/wp-json\/wp\/v2\/posts"}],"about":[{"href":"https:\/\/cultura.aupex.org\/danzaenmovimiento\/wp-json\/wp\/v2\/types\/post"}],"author":[{"embeddable":true,"href":"https:\/\/cultura.aupex.org\/danzaenmovimiento\/wp-json\/wp\/v2\/users\/2"}],"replies":[{"embeddable":true,"href":"https:\/\/cultura.aupex.org\/danzaenmovimiento\/wp-json\/wp\/v2\/comments?post=971"}],"version-history":[{"count":2,"href":"https:\/\/cultura.aupex.org\/danzaenmovimiento\/wp-json\/wp\/v2\/posts\/971\/revisions"}],"predecessor-version":[{"id":974,"href":"https:\/\/cultura.aupex.org\/danzaenmovimiento\/wp-json\/wp\/v2\/posts\/971\/revisions\/974"}],"wp:featuredmedia":[{"embeddable":true,"href":"https:\/\/cultura.aupex.org\/danzaenmovimiento\/wp-json\/wp\/v2\/media\/972"}],"wp:attachment":[{"href":"https:\/\/cultura.aupex.org\/danzaenmovimiento\/wp-json\/wp\/v2\/media?parent=971"}],"wp:term":[{"taxonomy":"category","embeddable":true,"href":"https:\/\/cultura.aupex.org\/danzaenmovimiento\/wp-json\/wp\/v2\/categories?post=971"},{"taxonomy":"post_tag","embeddable":true,"href":"https:\/\/cultura.aupex.org\/danzaenmovimiento\/wp-json\/wp\/v2\/tags?post=971"}],"curies":[{"name":"wp","href":"https:\/\/api.w.org\/{rel}","templated":true}]}}