{"id":951,"date":"2022-07-29T08:38:00","date_gmt":"2022-07-29T08:38:00","guid":{"rendered":"https:\/\/cultura.aupex.org\/danzaenmovimiento\/?p=951"},"modified":"2022-08-04T07:24:25","modified_gmt":"2022-08-04T07:24:25","slug":"el-taller-danza-en-movimiento-de-las-vegas-bajas-abre-sus-puertas-al-publico-el-dia-28-de-julio-de-2022-en-el-nuevo-teatro-calderon-de-montijo","status":"publish","type":"post","link":"https:\/\/cultura.aupex.org\/danzaenmovimiento\/2022\/07\/29\/el-taller-danza-en-movimiento-de-las-vegas-bajas-abre-sus-puertas-al-publico-el-dia-28-de-julio-de-2022-en-el-nuevo-teatro-calderon-de-montijo\/","title":{"rendered":"El taller \u00abDanza en movimiento\u00bb de las Vegas Bajas abre sus puertas al p\u00fablico el d\u00eda 28 de julio de 2022 en el Teatro Nuevo Calder\u00f3n de Montijo."},"content":{"rendered":"\n<figure class=\"wp-block-gallery has-nested-images columns-default is-cropped wp-block-gallery-1 is-layout-flex wp-block-gallery-is-layout-flex\"><\/figure>\n\n\n\n<p>El primero de los talleres presenciales del a\u00f1o 2022 ha tenido lugar en las Vegas Bajas del Guadiana, concretamente en el municipio de Montijo, en el Teatro Nuevo Calder\u00f3n, entre el 21 y el 28 de julio de 2022. En su organizaci\u00f3n han estado involucradas la Universidad Popular y la Concejal\u00eda de Cultura de Montijo, la Asociaci\u00f3n de Universidades Populares de Extremadura y Casa de Harina, cooperaci\u00f3n cultural por el desarrollo, y ha contado con la financiaci\u00f3n de la Diputaci\u00f3n de Badajoz. Por primera vez, adem\u00e1s, se ha realizado un trabajo de cooperaci\u00f3n cultural en la comarca de las Vegas Bajas entre las Universidades Populares que se encuentran en la misma: Puebla de la Calzada, Valdelacalzada, Guadiana, Pueblonuevo del Guadiana, Esparragalejo, Lob\u00f3n y Barba\u00f1o; las cuales han contribu\u00eddo a la dinamizaci\u00f3n y difusi\u00f3n del proyecto en todo el territorio con el objetivo principal de darlo a conocer y ofrecer informaci\u00f3n sobre el mismo a habitantes y visitantes de la zona y captar posibles participantes.<\/p>\n\n\n\n<p>Seg\u00fan la impulsora del proyecto, Sara Garc\u00eda Guisado, \u00abse pretende crear comunidad a trav\u00e9s de la danza y nuevas miradas hacia el mundo rural. En estos talleres, movimiento, personas y entorno se funden en una po\u00e9tica visual\u00bb. Como respuesta a esta idea, la cuarta sesi\u00f3n del taller se ha dedicado a la creaci\u00f3n de un videodanza en el Yacimiento de la Villa Romana de Torre \u00c1guila, en la localidad de&nbsp;<a href=\"http:\/\/es.wikipedia.org\/wiki\/Barba%C3%B1o\"><strong>Barba\u00f1o<\/strong><\/a>&nbsp;(Badajoz), uno de los ejemplos m\u00e1s representativos de poblamiento rural romano en las f\u00e9rtiles&nbsp;<a rel=\"noreferrer noopener\" href=\"http:\/\/www.dip-badajoz.es\/municipios\/municipio_dinamico\/comarca\/index_comarca.php?comarca=9\" target=\"_blank\"><strong>Vegas Bajas del Guadiana.<\/strong><\/a><\/p>\n\n\n\n<p>La quinta y \u00faltima sesi\u00f3n del taller se ha dedicado a la preparaci\u00f3n de las \u00abPuertas Abiertas al p\u00fablico\u00bb, que ha tenido lugar el d\u00eda 28 de julio en el Hall del Teatro Nuevo Calder\u00f3n de Montijo, a las 20:00 horas. En este evento de clausura, Sara Garc\u00eda Guisado ha hecho una charla danzada e interactiva sobre la historia de la danza acompa\u00f1ada por las personas participantes en el taller y se ha proyectado el  videodanza creado en Barba\u00f1o.<\/p>\n","protected":false},"excerpt":{"rendered":"<p>El primero de los talleres presenciales del a\u00f1o 2022 ha tenido lugar en las Vegas Bajas del Guadiana, concretamente en el municipio de Montijo, en el Teatro Nuevo Calder\u00f3n, entre el 21 y el 28 de julio de 2022. En su organizaci\u00f3n han estado involucradas la Universidad Popular y la Concejal\u00eda de Cultura de Montijo, [&hellip;]<\/p>\n","protected":false},"author":2,"featured_media":952,"comment_status":"closed","ping_status":"closed","sticky":false,"template":"","format":"standard","meta":{"footnotes":""},"categories":[7],"tags":[11,10,9,88],"class_list":["post-951","post","type-post","status-publish","format-standard","has-post-thumbnail","hentry","category-actualidad","tag-aupex","tag-casa-de-harina_accion-cultural-por-el-desarrollo","tag-diputacion-de-badajoz","tag-puertas-abiertas"],"_links":{"self":[{"href":"https:\/\/cultura.aupex.org\/danzaenmovimiento\/wp-json\/wp\/v2\/posts\/951","targetHints":{"allow":["GET"]}}],"collection":[{"href":"https:\/\/cultura.aupex.org\/danzaenmovimiento\/wp-json\/wp\/v2\/posts"}],"about":[{"href":"https:\/\/cultura.aupex.org\/danzaenmovimiento\/wp-json\/wp\/v2\/types\/post"}],"author":[{"embeddable":true,"href":"https:\/\/cultura.aupex.org\/danzaenmovimiento\/wp-json\/wp\/v2\/users\/2"}],"replies":[{"embeddable":true,"href":"https:\/\/cultura.aupex.org\/danzaenmovimiento\/wp-json\/wp\/v2\/comments?post=951"}],"version-history":[{"count":2,"href":"https:\/\/cultura.aupex.org\/danzaenmovimiento\/wp-json\/wp\/v2\/posts\/951\/revisions"}],"predecessor-version":[{"id":954,"href":"https:\/\/cultura.aupex.org\/danzaenmovimiento\/wp-json\/wp\/v2\/posts\/951\/revisions\/954"}],"wp:featuredmedia":[{"embeddable":true,"href":"https:\/\/cultura.aupex.org\/danzaenmovimiento\/wp-json\/wp\/v2\/media\/952"}],"wp:attachment":[{"href":"https:\/\/cultura.aupex.org\/danzaenmovimiento\/wp-json\/wp\/v2\/media?parent=951"}],"wp:term":[{"taxonomy":"category","embeddable":true,"href":"https:\/\/cultura.aupex.org\/danzaenmovimiento\/wp-json\/wp\/v2\/categories?post=951"},{"taxonomy":"post_tag","embeddable":true,"href":"https:\/\/cultura.aupex.org\/danzaenmovimiento\/wp-json\/wp\/v2\/tags?post=951"}],"curies":[{"name":"wp","href":"https:\/\/api.w.org\/{rel}","templated":true}]}}