{"id":537,"date":"2018-08-08T07:59:54","date_gmt":"2018-08-08T07:59:54","guid":{"rendered":"http:\/\/cultura.aupex.org\/danzaenmovimiento\/?p=537"},"modified":"2018-08-08T07:59:54","modified_gmt":"2018-08-08T07:59:54","slug":"abierto-el-plazo-de-inscripcion-para-los-talleres-2018","status":"publish","type":"post","link":"https:\/\/cultura.aupex.org\/danzaenmovimiento\/2018\/08\/08\/abierto-el-plazo-de-inscripcion-para-los-talleres-2018\/","title":{"rendered":"ABIERTO EL PLAZO DE INSCRIPCI\u00d3N PARA LOS TALLERES 2018"},"content":{"rendered":"<p>Abierto el plazo de inscripci\u00f3n para los talleres de <a class=\"_58cn\" href=\"https:\/\/www.facebook.com\/hashtag\/danzaenmovimiento?source=feed_text\"><span class=\"_5afx\"><span class=\"_58cl _5afz\">#<\/span><span class=\"_58cm\">Danzaenmovimiento<\/span><\/span><\/a> 2018 en la provincia de Badajoz.<br \/>\nUna acci\u00f3n cultural y art\u00edstica \u00fanica en Extremadura. Un acercamiento a las artes del movimiento y la danza a lo largo de los tiempos, sus protagonistas, las distintas formas de expresi\u00f3n y las t\u00e9cnicas (expresionista, moderna, lim\u00f3n, releasse y contact). Personas con diferentes experiencias son bienvenidas<\/p>\n<p>Contenidos: 5 Sesiones de Danza y Movimiento (diferentes t\u00e9cnicas y manifestaciones expresivas) + participaci\u00f3n en un videodanza (una mirada diferente del entorno natural).<\/p>\n<p>Facilitadora: Sara Garc\u00eda-Guisado,\u00a0bailarina y docente<br \/>\nLocalidades: Bodonal de la Sierra, Fuentes de Le\u00f3n, Cabeza la Vaca y<span class=\"text_exposed_show\"> Segura de Le\u00f3n.<br \/>\nBecados 100% por la <a class=\"profileLink\" href=\"https:\/\/www.facebook.com\/DiputaciondeBadajoz\/?ref=gs&amp;fref=gs&amp;dti=299528656863720&amp;hc_location=group\">Diputaci\u00f3n de Badajoz<\/a><\/span><\/p>\n<div class=\"text_exposed_show\">\n<p>Inscripci\u00f3n en los Ayuntamientos\/Universidades Populares de las localidades participantes o en el siguiente enlace: <a href=\"https:\/\/goo.gl\/forms\/hTZ99quPw3IWKM1u2\">https:\/\/goo.gl\/forms\/hTZ99quPw3IWKM1u2<\/a><\/p>\n<p><img fetchpriority=\"high\" decoding=\"async\" class=\"alignnone size-medium wp-image-539\" src=\"https:\/\/cultura.aupex.org\/danzaenmovimiento\/wp-content\/uploads\/2018\/08\/DM17_historiadanza-300x212.jpg\" alt=\"\" width=\"300\" height=\"212\" srcset=\"https:\/\/cultura.aupex.org\/danzaenmovimiento\/wp-content\/uploads\/2018\/08\/DM17_historiadanza-300x212.jpg 300w, https:\/\/cultura.aupex.org\/danzaenmovimiento\/wp-content\/uploads\/2018\/08\/DM17_historiadanza-768x542.jpg 768w, https:\/\/cultura.aupex.org\/danzaenmovimiento\/wp-content\/uploads\/2018\/08\/DM17_historiadanza-370x261.jpg 370w, https:\/\/cultura.aupex.org\/danzaenmovimiento\/wp-content\/uploads\/2018\/08\/DM17_historiadanza.jpg 960w\" sizes=\"(max-width: 300px) 100vw, 300px\" \/><\/p>\n<\/div>\n","protected":false},"excerpt":{"rendered":"<p>Abierto el plazo de inscripci\u00f3n para los talleres de #Danzaenmovimiento 2018 en la provincia de Badajoz. Una acci\u00f3n cultural y art\u00edstica \u00fanica en Extremadura. Un acercamiento a las artes del movimiento y la danza a lo largo de los tiempos, sus protagonistas, las distintas formas de expresi\u00f3n y las t\u00e9cnicas (expresionista, moderna, lim\u00f3n, releasse y [&hellip;]<\/p>\n","protected":false},"author":2,"featured_media":539,"comment_status":"open","ping_status":"closed","sticky":false,"template":"","format":"standard","meta":{"footnotes":""},"categories":[7],"tags":[11,46,44,10,9,45,48,47],"class_list":["post-537","post","type-post","status-publish","format-standard","has-post-thumbnail","hentry","category-actualidad","tag-aupex","tag-bodonal-de-la-sierra","tag-cabeza-la-vaca","tag-casa-de-harina_accion-cultural-por-el-desarrollo","tag-diputacion-de-badajoz","tag-fuentes-de-leon","tag-inscripcion","tag-segura-de-leon"],"_links":{"self":[{"href":"https:\/\/cultura.aupex.org\/danzaenmovimiento\/wp-json\/wp\/v2\/posts\/537","targetHints":{"allow":["GET"]}}],"collection":[{"href":"https:\/\/cultura.aupex.org\/danzaenmovimiento\/wp-json\/wp\/v2\/posts"}],"about":[{"href":"https:\/\/cultura.aupex.org\/danzaenmovimiento\/wp-json\/wp\/v2\/types\/post"}],"author":[{"embeddable":true,"href":"https:\/\/cultura.aupex.org\/danzaenmovimiento\/wp-json\/wp\/v2\/users\/2"}],"replies":[{"embeddable":true,"href":"https:\/\/cultura.aupex.org\/danzaenmovimiento\/wp-json\/wp\/v2\/comments?post=537"}],"version-history":[{"count":1,"href":"https:\/\/cultura.aupex.org\/danzaenmovimiento\/wp-json\/wp\/v2\/posts\/537\/revisions"}],"predecessor-version":[{"id":540,"href":"https:\/\/cultura.aupex.org\/danzaenmovimiento\/wp-json\/wp\/v2\/posts\/537\/revisions\/540"}],"wp:featuredmedia":[{"embeddable":true,"href":"https:\/\/cultura.aupex.org\/danzaenmovimiento\/wp-json\/wp\/v2\/media\/539"}],"wp:attachment":[{"href":"https:\/\/cultura.aupex.org\/danzaenmovimiento\/wp-json\/wp\/v2\/media?parent=537"}],"wp:term":[{"taxonomy":"category","embeddable":true,"href":"https:\/\/cultura.aupex.org\/danzaenmovimiento\/wp-json\/wp\/v2\/categories?post=537"},{"taxonomy":"post_tag","embeddable":true,"href":"https:\/\/cultura.aupex.org\/danzaenmovimiento\/wp-json\/wp\/v2\/tags?post=537"}],"curies":[{"name":"wp","href":"https:\/\/api.w.org\/{rel}","templated":true}]}}